{"id":179121,"date":"2021-04-23T09:59:29","date_gmt":"2021-04-23T07:59:29","guid":{"rendered":"https:\/\/zjarr.tv\/?p=179121"},"modified":"2021-04-23T10:00:30","modified_gmt":"2021-04-23T08:00:30","slug":"perplasja-ne-elbasan-rama-pranon-se-ka-video-reagon-andi-bejtja-nga-e-di-ai","status":"publish","type":"post","link":"https:\/\/zjarr.tv\/en\/perplasja-ne-elbasan-rama-pranon-se-ka-video-reagon-andi-bejtja-nga-e-di-ai\/","title":{"rendered":"P\u00ebrplasja n\u00eb Elbasan\/ Rama pranon se ka video, reagon Andi Bejtja: Nga e di ai?"},"content":{"rendered":"<p>Kryeministri i vendit Edi Rama, ka zbuluar p\u00ebr her\u00eb t\u00eb par\u00eb se prokuroria ka video nga ngjarja n\u00eb Elbasan, ku sipas tij tregojn\u00eb momentin kur struktura e PD, ndalon makin\u00ebn e viktim\u00ebs Pjerin Xhuvani. Rama tha se pamjet filmike, jan\u00eb n\u00eb simetri me d\u00ebshmin\u00eb e personit t\u00eb ndaluar.<\/p>\n<p><em>\u201cProkuroria disponon video t\u00eb komandantit t\u00eb struktur\u00ebs paramilitare q\u00eb p\u00ebrputhet plot\u00ebsisht me d\u00ebshmin\u00eb e marr\u00eb nga i ndaluari q\u00eb nuk ka lidhje fare me ngjarjen.<\/em><\/p>\n<p><em>\u00cbsht\u00eb nj\u00eb person komplet jasht\u00eb ngjarjes. Forcat paramilitare kan\u00eb ndaluar nj\u00eb makin\u00eb q\u00eb nuk ka lidhje me asgj\u00eb dhe personi brenda \u00ebsht\u00eb filmuar dhe policia e ka kapur dhe d\u00ebshmia e tij \u00ebsht\u00eb simetrike me at\u00eb q\u00eb del n\u00eb kamera. Si mund t\u2019i thuash ti bandit?\u201d,<\/em>\u00a0deklaroi Rama.<\/p>\n<p>Por, pas k\u00ebsaj deklarate, ka reaguar gazetari dhe analisti Andi Bejtja, ku shprehet se kjo deklarat\u00eb e Kryeministrit, nuk mund t\u00eb kaloj\u00eb kaq leht\u00eb.<\/p>\n<p><em>\u201cKryeministri Rama deklaroi n\u00eb Opinion p\u00ebr ngjarjen e Elbasanit se Prokuroria ka nj\u00eb video t\u00eb ngjashme me d\u00ebshmin\u00eb e nj\u00eb kalimtari&#8230; pyetja \u00ebsht\u00eb e thjesht\u00eb: nga e di Kryeministri k\u00ebt\u00eb?\u201d<\/em>\u00a0tha Bejtja.<\/p>\n<p>&nbsp;<\/p>","protected":false},"excerpt":{"rendered":"<p>Kryeministri i vendit Edi Rama, ka zbuluar p\u00ebr her\u00eb t\u00eb par\u00eb se prokuroria ka video nga ngjarja n\u00eb Elbasan, ku sipas tij tregojn\u00eb momentin kur struktura e PD, ndalon makin\u00ebn e viktim\u00ebs Pjerin Xhuvani. Rama tha se pamjet filmike, jan\u00eb n\u00eb simetri me d\u00ebshmin\u00eb e personit t\u00eb ndaluar. \u201cProkuroria disponon video t\u00eb komandantit t\u00eb struktur\u00ebs [&hellip;]<\/p>\n","protected":false},"author":2031,"featured_media":179123,"comment_status":"closed","ping_status":"closed","sticky":false,"template":"","format":"standard","meta":{"footnotes":""},"categories":[241],"tags":[2618],"class_list":{"0":"post-179121","1":"post","2":"type-post","3":"status-publish","4":"format-standard","5":"has-post-thumbnail","7":"category-aktualitet","8":"tag-lajme-zjarr-reagon-andi-bejtja-zjarr-tv"},"_links":{"self":[{"href":"https:\/\/zjarr.tv\/en\/wp-json\/wp\/v2\/posts\/179121","targetHints":{"allow":["GET"]}}],"collection":[{"href":"https:\/\/zjarr.tv\/en\/wp-json\/wp\/v2\/posts"}],"about":[{"href":"https:\/\/zjarr.tv\/en\/wp-json\/wp\/v2\/types\/post"}],"author":[{"embeddable":true,"href":"https:\/\/zjarr.tv\/en\/wp-json\/wp\/v2\/users\/2031"}],"replies":[{"embeddable":true,"href":"https:\/\/zjarr.tv\/en\/wp-json\/wp\/v2\/comments?post=179121"}],"version-history":[{"count":0,"href":"https:\/\/zjarr.tv\/en\/wp-json\/wp\/v2\/posts\/179121\/revisions"}],"wp:featuredmedia":[{"embeddable":true,"href":"https:\/\/zjarr.tv\/en\/wp-json\/wp\/v2\/media\/179123"}],"wp:attachment":[{"href":"https:\/\/zjarr.tv\/en\/wp-json\/wp\/v2\/media?parent=179121"}],"wp:term":[{"taxonomy":"category","embeddable":true,"href":"https:\/\/zjarr.tv\/en\/wp-json\/wp\/v2\/categories?post=179121"},{"taxonomy":"post_tag","embeddable":true,"href":"https:\/\/zjarr.tv\/en\/wp-json\/wp\/v2\/tags?post=179121"}],"curies":[{"name":"wp","href":"https:\/\/api.w.org\/{rel}","templated":true}]}}