{"id":179382,"date":"2021-04-25T07:52:24","date_gmt":"2021-04-25T05:52:24","guid":{"rendered":"https:\/\/zjarr.tv\/?p=179382"},"modified":"2021-04-25T07:52:24","modified_gmt":"2021-04-25T05:52:24","slug":"nena-spiunon-djalin-komisioner-ne-vlore-eshte-i-infektuar-me-covid-vonohet-nisja-e-procesit-te-votimit","status":"publish","type":"post","link":"https:\/\/zjarr.tv\/en\/nena-spiunon-djalin-komisioner-ne-vlore-eshte-i-infektuar-me-covid-vonohet-nisja-e-procesit-te-votimit\/","title":{"rendered":"N\u00ebna \u2018spiunon\u2019 djalin komisioner n\u00eb Vlor\u00eb: \u00cbsht\u00eb i infektuar me Covid! (Vonohet nisja e procesit t\u00eb votimit)"},"content":{"rendered":"<p>Nj\u00eb komisioner i dyshuar me Covid \u00ebsht\u00eb larguar nga nj\u00eb prej qendrave t\u00eb votimit n\u00eb qytetin e Vlor\u00ebs.<\/p>\n<p>M\u00ebsohet se komisoneri \u00ebsht\u00eb paraqitur q\u00eb n\u00eb m\u00ebngjes her\u00ebt n\u00eb Qendr\u00ebn e Votimit ku \u00ebsht\u00eb caktuar, por ka qen\u00eb n\u00ebna e tij, ajo q\u00eb i ka k\u00ebrkuar t\u00eb largohet, pasi sipas saj ai ishte i infektuar nga Covid.<\/p>\n<p>Fillimisht komisioneri ka refuzuar t\u00eb largohet, por me insistimin e komisioner\u00ebve t\u00eb tjer\u00eb, ai \u00ebsht\u00eb larguar, ku pritet q\u00eb t\u00eb kryej\u00eb nj\u00eb tampon e t\u00eb paraqitet p\u00ebrs\u00ebri n\u00eb QV.<\/p>\n<p>Kjo ka sjell\u00eb dhe vonesa n\u00eb nisjen e votimit n\u00eb k\u00ebt\u00eb qend\u00ebr votimi, dhe mbetet p\u00ebr tu par\u00eb zgjidhja q\u00eb do t\u00eb jepet.<\/p>\n<p>K\u00ebto jan\u00eb zgjedhjet e 10 parlamentare q\u00eb mbahen n\u00eb vendin ton\u00eb, q\u00eb nga nisja e pluralizmit politik, ku njihen vet\u00ebm 2 raste t\u00eb zgjedhjeve t\u00eb parakohshme, ato q\u00eb jan\u00eb mbajtur n\u00eb vitin 1992 dhe 1997.<\/p>\n<p>Nd\u00ebrkoh\u00eb 7 procese normale zgjedhore jan\u00eb (1991, 1996, 2001, 2005, 2009, 2013 dhe 2017). Vet\u00ebm zgjedhjet e vitit 1991 kan\u00eb qen\u00eb n\u00eb mazhoritar. Zgjedhjet 1992-2005 jan\u00eb zhvilluar me nj\u00eb sistem miks, 100 (115) zona n\u00eb mazhoritar dhe 40 (25) mandate n\u00eb proporcional.<\/p>\n<p>Me ndryshimet kushtetuese t\u00eb vitit 2008 u vendos kalimi n\u00eb sistemin proporcional rajonal, me lista t\u00eb mbyllura dhe me prag minimal zgjedhor 3%. Me ndryshimet kushtetuese t\u00eb vitit 2020 u vendos ulja e pragut elektoral n\u00eb 1% dhe aplikimi p\u00ebr her\u00eb t\u00eb par\u00eb i listave t\u00eb hapura proporcionale.<\/p>\n<p>Numri i deputet\u00ebve ka ndryshuar vet\u00ebm n\u00eb dy raste: m\u00eb 1991 u ruajt numri i deputet\u00ebve i legjislaturave t\u00eb fundit t\u00eb periudh\u00ebs komuniste (250 deputet\u00eb), si dhe m\u00eb 1997 u ruajt sistemi i vitit 1996 me rritjen e numrit t\u00eb deputet\u00ebve n\u00eb proporcional nga 25 n\u00eb 40 vende, p\u00ebr pasoj\u00eb, parlamenti kishte 155 deputet\u00eb.<\/p>\n<p>Prej \u201996 numri i ul\u00ebseve n\u00eb Kuvend \u00ebsht\u00eb 140, nd\u00ebrkoh\u00eb q\u00eb n\u00eb k\u00ebt\u00eb vit jan\u00eb 12 parti dhe koalicione q\u00eb garojn\u00eb n\u00eb 12 qarqe t\u00eb vendit, dhe n\u00eb vet\u00ebm 4 prej tyre garojn\u00eb si t\u00eb pavarur kandidat\u00ebt q\u00eb vijn\u00eb nga radh\u00ebt e Vet\u00ebvendosjes, dhe Elton Debreshi, q\u00eb vjen nga radh\u00ebt e minator\u00ebve dhe kandidon n\u00eb qarkun e Dibr\u00ebs.<\/p>\n<p>N\u00ebse kthehemi pas n\u00eb koh\u00eb pjes\u00ebmarrja n\u00eb zgjedhje ka ndryshuar mjaft, n\u00eb krahasim me vitet e para t\u00eb demokracis\u00eb. N\u00eb zgjedhjet e viteve 1991-1992, kur shteti kishte t\u00eb dh\u00ebna t\u00eb sakta t\u00eb numrit t\u00eb qytetar\u00ebve me t\u00eb drejt\u00eb vote, jan\u00eb regjistruar edhe shifrat m\u00eb t\u00eb vogla t\u00eb numrit t\u00eb zgjedh\u00ebsve n\u00eb list\u00eb dhe p\u00ebrqindjet m\u00eb t\u00eb larta t\u00eb pjes\u00ebmarrjes n\u00eb votime.<\/p>\n<p>Gjat\u00eb viteve raportet jan\u00eb p\u00ebrmbysur. N\u00eb zgjedhjet e fundit parlamentare m\u00eb 2017 pjes\u00ebmarrja n\u00eb zgjedhje ishte 46,76%. Nga mbi 3.4 milion\u00eb qytetar\u00eb t\u00eb regjistruar n\u00eb list\u00ebn e zgjedh\u00ebsve votuan 1.613.810 zgjedh\u00ebs. Sipas INSTAT numri i popullsis\u00eb m\u00eb 2017 ishte 2.876.591, shif\u00ebr shum\u00eb m\u00eb e vog\u00ebl sesa numri 3.452.324 i zgjedh\u00ebsve n\u00eb list\u00eb.<\/p>\n<p>Si vijn\u00eb forcat politike n\u00eb k\u00ebto zgjedhje<\/p>\n<p>Partia Socialiste e Edi Ram\u00ebs k\u00ebrkon besimin e elektoratit p\u00ebr t\u00eb marr\u00eb mandatin e tret\u00eb qeveris\u00ebs, gj\u00eb e cila nuk ka ndodhur asnj\u00ebher\u00eb m\u00eb par\u00eb n\u00eb k\u00ebto 30 vite t\u00eb tranzicionit shqiptar q\u00eb nj\u00eb forc\u00eb politike t\u00eb qeveris\u00eb m\u00eb shum\u00eb se 8 vite.<\/p>\n<p>Nga ana tjet\u00ebr kryeministri Edi Rama \u00ebsht\u00eb akuzuar gjithnj\u00eb e m\u00eb shum\u00eb p\u00ebr sjelljen e tij autokratike, n\u00eb p\u00ebrplasje t\u00eb vazhdueshme me mediat dhe opozit\u00ebn, nd\u00ebrkoh\u00eb q\u00eb vendi ende nuk ka t\u00eb nd\u00ebrtuara t\u00eb gjitha organet e drejt\u00ebsis\u00eb, q\u00eb t\u00eb mund\u00ebsonin nj\u00eb balancim t\u00eb pushteteve. P\u00ebr 2 vite Kuvendi ishte i gjithi n\u00eb dor\u00eb t\u00eb socialist\u00ebve, pas vendimit t\u00eb paprecedent\u00eb t\u00eb opozit\u00ebs p\u00ebr t\u00eb djegur mandatin dhe p\u00ebt tu rikthyer n\u00eb Kuvend.<\/p>\n<p>25 Prilli do t\u00eb jet\u00eb nj\u00eb test m\u00eb vete dhe p\u00ebr Lulzim Bash\u00ebn, i cili n\u00eb k\u00ebt\u00eb fushat\u00eb ka zgjedhur q\u00eb kostot ti marr\u00eb p\u00ebrsip\u00ebr vet\u00eb t\u00eb gjitha, pa asnj\u00eb kandidat q\u00eb fliste n\u00eb takimet me simpatizant\u00ebt nga nj\u00eb shesh i qyteteve n\u00eb nj\u00eb tjet\u00ebr.<\/p>\n<p>PD q\u00eb ai drejton n\u00eb k\u00ebto zgjedhje n\u00eb ndryshim nga Rama, q\u00eb garon i vet\u00ebm, mori n\u00eb koalicion me lista t\u00eb p\u00ebrbashk\u00ebta t\u00eb gjith\u00eb alet\u00ebt e viteve t\u00eb v\u00ebshtira n\u00eb opozit\u00eb, duke iu garantuar krer\u00ebve t\u00eb k\u00ebtyre partive m\u00eb t\u00eb vogla, nj\u00eb vend t\u00eb sigurt n\u00eb listat shum\u00ebem\u00ebrore.<\/p>","protected":false},"excerpt":{"rendered":"<p>Nj\u00eb komisioner i dyshuar me Covid \u00ebsht\u00eb larguar nga nj\u00eb prej qendrave t\u00eb votimit n\u00eb qytetin e Vlor\u00ebs. M\u00ebsohet se komisoneri \u00ebsht\u00eb paraqitur q\u00eb n\u00eb m\u00ebngjes her\u00ebt n\u00eb Qendr\u00ebn e Votimit ku \u00ebsht\u00eb caktuar, por ka qen\u00eb n\u00ebna e tij, ajo q\u00eb i ka k\u00ebrkuar t\u00eb largohet, pasi sipas saj ai ishte i infektuar nga [&hellip;]<\/p>\n","protected":false},"author":2031,"featured_media":179383,"comment_status":"closed","ping_status":"closed","sticky":false,"template":"","format":"standard","meta":{"footnotes":""},"categories":[241,231,235],"tags":[312,2652,2651,329],"class_list":{"0":"post-179382","1":"post","2":"type-post","3":"status-publish","4":"format-standard","5":"has-post-thumbnail","7":"category-aktualitet","8":"category-lajme","9":"category-vendi","10":"tag-lajme","11":"tag-vonesa","12":"tag-zgjedhjet","13":"tag-zjarr-tv"},"_links":{"self":[{"href":"https:\/\/zjarr.tv\/en\/wp-json\/wp\/v2\/posts\/179382","targetHints":{"allow":["GET"]}}],"collection":[{"href":"https:\/\/zjarr.tv\/en\/wp-json\/wp\/v2\/posts"}],"about":[{"href":"https:\/\/zjarr.tv\/en\/wp-json\/wp\/v2\/types\/post"}],"author":[{"embeddable":true,"href":"https:\/\/zjarr.tv\/en\/wp-json\/wp\/v2\/users\/2031"}],"replies":[{"embeddable":true,"href":"https:\/\/zjarr.tv\/en\/wp-json\/wp\/v2\/comments?post=179382"}],"version-history":[{"count":0,"href":"https:\/\/zjarr.tv\/en\/wp-json\/wp\/v2\/posts\/179382\/revisions"}],"wp:featuredmedia":[{"embeddable":true,"href":"https:\/\/zjarr.tv\/en\/wp-json\/wp\/v2\/media\/179383"}],"wp:attachment":[{"href":"https:\/\/zjarr.tv\/en\/wp-json\/wp\/v2\/media?parent=179382"}],"wp:term":[{"taxonomy":"category","embeddable":true,"href":"https:\/\/zjarr.tv\/en\/wp-json\/wp\/v2\/categories?post=179382"},{"taxonomy":"post_tag","embeddable":true,"href":"https:\/\/zjarr.tv\/en\/wp-json\/wp\/v2\/tags?post=179382"}],"curies":[{"name":"wp","href":"https:\/\/api.w.org\/{rel}","templated":true}]}}