{"id":179387,"date":"2021-04-25T07:55:57","date_gmt":"2021-04-25T05:55:57","guid":{"rendered":"https:\/\/zjarr.tv\/?p=179387"},"modified":"2021-04-25T07:57:04","modified_gmt":"2021-04-25T05:57:04","slug":"erion-brace-voton-pa-shkuar-ora-0700-do-shkoj-ne-lushnje-se-kriminelet-po-terrorizojne","status":"publish","type":"post","link":"https:\/\/zjarr.tv\/en\/erion-brace-voton-pa-shkuar-ora-0700-do-shkoj-ne-lushnje-se-kriminelet-po-terrorizojne\/","title":{"rendered":"Erion Bra\u00e7e voton pa shkuar ora 07:00: Do shkoj n\u00eb Lushnje se kriminel\u00ebt po terrorizojn\u00eb\u2026"},"content":{"rendered":"<p>Sot qytetar\u00ebt shqiptar\u00eb do t\u2019iu drejtohen qendrave t\u00eb votimit, p\u00ebr t\u00eb zgjedhur partin\u00eb dhe kandidatin e tyre t\u00eb preferuar, n\u00eb listat e qarqeve, q\u00eb d\u00ebshirojn\u00eb q\u00eb ti p\u00ebrfaq\u00ebsojn\u00eb n\u00eb Kuvendin e 4 viteve t\u00eb ardhshme.<\/p>\n<p>Z\u00ebvend\u00ebskryeministri Erion Bra\u00e7e ka votuar te Liceu, n\u00eb 7 pa nj\u00eb minut\u00eb, teksa dha dhe arsyet e k\u00ebtij vendimi.<\/p>\n<p>Bra\u00e7e:<\/p>\n<p>Kam p\u00ebr t\u00eb shkuar n\u00eb nj\u00eb zon\u00eb elektorale ku kriminel\u00eb si Enkelejd Alibeaj dhe Sajmir Koreshi jan\u00eb duke k\u00ebrc\u00ebnuar qytetar\u00eb.<\/p>\n<p>Jan\u00eb nj\u00eb tuf\u00eb rruga\u00e7\u00ebsh dhe kriminel\u00ebsh q\u00eb kan\u00eb t\u00ebrrorizuar gjat\u00eb nat\u00ebs familjen e nj\u00eb gruaje. Ajo \u00ebsht\u00eb drejtuesja e PS aty ndaj kan\u00eb shkuar dhe e kan\u00eb k\u00ebrc\u00ebnuar, shqiptar\u00ebt t\u00eb mos i japin shansin kriminel\u00ebve dhe vras\u00ebsve q\u00eb t\u00eb shkojn\u00eb n\u00eb parlament.<\/p>\n<p>&nbsp;<\/p>","protected":false},"excerpt":{"rendered":"<p>Sot qytetar\u00ebt shqiptar\u00eb do t\u2019iu drejtohen qendrave t\u00eb votimit, p\u00ebr t\u00eb zgjedhur partin\u00eb dhe kandidatin e tyre t\u00eb preferuar, n\u00eb listat e qarqeve, q\u00eb d\u00ebshirojn\u00eb q\u00eb ti p\u00ebrfaq\u00ebsojn\u00eb n\u00eb Kuvendin e 4 viteve t\u00eb ardhshme. Z\u00ebvend\u00ebskryeministri Erion Bra\u00e7e ka votuar te Liceu, n\u00eb 7 pa nj\u00eb minut\u00eb, teksa dha dhe arsyet e k\u00ebtij vendimi. Bra\u00e7e: [&hellip;]<\/p>\n","protected":false},"author":2031,"featured_media":176699,"comment_status":"closed","ping_status":"closed","sticky":false,"template":"","format":"standard","meta":{"footnotes":""},"categories":[241,231,235],"tags":[],"class_list":{"0":"post-179387","1":"post","2":"type-post","3":"status-publish","4":"format-standard","5":"has-post-thumbnail","7":"category-aktualitet","8":"category-lajme","9":"category-vendi"},"_links":{"self":[{"href":"https:\/\/zjarr.tv\/en\/wp-json\/wp\/v2\/posts\/179387","targetHints":{"allow":["GET"]}}],"collection":[{"href":"https:\/\/zjarr.tv\/en\/wp-json\/wp\/v2\/posts"}],"about":[{"href":"https:\/\/zjarr.tv\/en\/wp-json\/wp\/v2\/types\/post"}],"author":[{"embeddable":true,"href":"https:\/\/zjarr.tv\/en\/wp-json\/wp\/v2\/users\/2031"}],"replies":[{"embeddable":true,"href":"https:\/\/zjarr.tv\/en\/wp-json\/wp\/v2\/comments?post=179387"}],"version-history":[{"count":0,"href":"https:\/\/zjarr.tv\/en\/wp-json\/wp\/v2\/posts\/179387\/revisions"}],"wp:featuredmedia":[{"embeddable":true,"href":"https:\/\/zjarr.tv\/en\/wp-json\/wp\/v2\/media\/176699"}],"wp:attachment":[{"href":"https:\/\/zjarr.tv\/en\/wp-json\/wp\/v2\/media?parent=179387"}],"wp:term":[{"taxonomy":"category","embeddable":true,"href":"https:\/\/zjarr.tv\/en\/wp-json\/wp\/v2\/categories?post=179387"},{"taxonomy":"post_tag","embeddable":true,"href":"https:\/\/zjarr.tv\/en\/wp-json\/wp\/v2\/tags?post=179387"}],"curies":[{"name":"wp","href":"https:\/\/api.w.org\/{rel}","templated":true}]}}