{"id":179393,"date":"2021-04-25T08:00:20","date_gmt":"2021-04-25T06:00:20","guid":{"rendered":"https:\/\/zjarr.tv\/?p=179393"},"modified":"2021-04-25T08:04:58","modified_gmt":"2021-04-25T06:04:58","slug":"u-rrah-sepse-filmonte-thyerjen-e-heshtjes-zgjedhore-brace-per-elsa-biten-cfare-turpi-funderrina","status":"publish","type":"post","link":"https:\/\/zjarr.tv\/en\/u-rrah-sepse-filmonte-thyerjen-e-heshtjes-zgjedhore-brace-per-elsa-biten-cfare-turpi-funderrina\/","title":{"rendered":"U rrah sepse filmonte thyerjen e heshtjes zgjedhore, Bra\u00e7e p\u00ebr Elsa Bit\u00ebn: \u00c7far\u00eb turpi, fund\u00ebrrina"},"content":{"rendered":"<p>Zv kryeministri i Shqip\u00ebris\u00eb, Erion Bra\u00e7e ka publikuar deklarat\u00ebn e Urgjenc\u00ebs s\u00eb Spitalit t\u00eb Lushnj\u00ebs, duke sulmuar t\u00eb ren\u00eb Elsa Bita, e cila u rrah barbarisht dit\u00ebn e sotme nga shefi i policis\u00eb p\u00ebr shkak se po filmonte thyerjen e heshtjes zgjedhore nga socialist\u00ebt.<\/p>\n<p>Si t\u00eb mos mjaftonte rrahja me t\u00eb cil\u00ebn u p\u00ebrball, sipas videove t\u00eb b\u00ebra publike, Elsa Bita duhet t\u00eb p\u00ebrballet dhe me sulmet e zv\/Kryeministrit, i cili u shpreh ashp\u00ebr n\u00eb Facebook \u201c\u00c7far\u00eb turpi, \u00e7far\u00eb mashtrimi\u201d.<\/p>\n<p>N\u00eb dokumentin e publikuar nga Bra\u00e7e, q\u00eb sipas tij \u00ebsht\u00eb nga spitali, thuhet se pacientja q\u00eb u paraqit n\u00eb spital nuk ka fraktura as n\u00eb krah dhe as n\u00eb kok\u00eb apo qaf\u00eb, si\u00e7 pretendonte ajo.<\/p>\n<p>Postimi:<\/p>\n<p>CFARE MASHTRIMI!<\/p>\n<p>CFARE TURPI!<\/p>\n<p>CFARE NEVERIE!<\/p>\n<p>Gjithe historia qe cmendi dynjane sot ne mengjes me \u201cthyerjen e dores se nje gruaje ne Divjake\u201d, ESHTE MASHTRIM<\/p>\n<p>Urdheroni:<\/p>\n<p>ZERO THYERJE DORE, PARAKRAHU APO KRAHU;<\/p>\n<p>ZERO NDRYDHJE DORE, PARAKRAHU APO KRAHU;<\/p>\n<p>ZERO THYERJE QAFE;<\/p>\n<p>ZERO NDRYDHJE QAFE;<\/p>\n<p>ZERO THYERJE APO NDRYDHJE GJEKUNDI TJETER NE TURP;<\/p>\n<p>ZERO SHENJA DHUNE KUDO NE TRUP;<\/p>\n<p>GJITHCKA PAS GRAFISE E SKANERIT, KONFIRMUAR NGA GRAFIA DHE SKANERI!<\/p>\n<p>Tani krimineli Sali Berisha, sivellau i tij Ilir Meta, te kene turp per cdo ndyresi qe nxorren nga goja e me te cilen ndyne te verteten!<\/p>\n<p>UA KAM THENE;<\/p>\n<p>ME MUA SDO JA DILNI KURRE SA KOHE KAM VETEM NJE RRUGE KU ECI E JETOJ:<\/p>\n<p>RUGEN E LIGJIT, DREJTESISE E ZOTIT!<\/p>\n<p>Nderkohe pergjigje per kriminelet ordinere ne strukturen e Mbikqyrjes se Territorit\u201d a keni?<\/p>\n<p>Pergjigjuni funderrina!<\/p>\n<p><img loading=\"lazy\" decoding=\"async\" class=\"alignnone size-medium wp-image-179394\" src=\"https:\/\/zjarr.tv\/wp-content\/uploads\/2021\/04\/vra-316x400-1-237x300.jpg\" alt=\"\" width=\"237\" height=\"300\" srcset=\"https:\/\/zjarr.tv\/wp-content\/uploads\/2021\/04\/vra-316x400-1-237x300.jpg 237w, https:\/\/zjarr.tv\/wp-content\/uploads\/2021\/04\/vra-316x400-1.jpg 316w\" sizes=\"auto, (max-width: 237px) 100vw, 237px\" \/><\/p>","protected":false},"excerpt":{"rendered":"<p>Zv kryeministri i Shqip\u00ebris\u00eb, Erion Bra\u00e7e ka publikuar deklarat\u00ebn e Urgjenc\u00ebs s\u00eb Spitalit t\u00eb Lushnj\u00ebs, duke sulmuar t\u00eb ren\u00eb Elsa Bita, e cila u rrah barbarisht dit\u00ebn e sotme nga shefi i policis\u00eb p\u00ebr shkak se po filmonte thyerjen e heshtjes zgjedhore nga socialist\u00ebt. Si t\u00eb mos mjaftonte rrahja me t\u00eb cil\u00ebn u p\u00ebrball, sipas [&hellip;]<\/p>\n","protected":false},"author":2031,"featured_media":163269,"comment_status":"closed","ping_status":"closed","sticky":false,"template":"","format":"standard","meta":{"footnotes":""},"categories":[241,231,235],"tags":[2321,312,294],"class_list":{"0":"post-179393","1":"post","2":"type-post","3":"status-publish","4":"format-standard","5":"has-post-thumbnail","7":"category-aktualitet","8":"category-lajme","9":"category-vendi","10":"tag-brace","11":"tag-lajme","12":"tag-zjarr"},"_links":{"self":[{"href":"https:\/\/zjarr.tv\/en\/wp-json\/wp\/v2\/posts\/179393","targetHints":{"allow":["GET"]}}],"collection":[{"href":"https:\/\/zjarr.tv\/en\/wp-json\/wp\/v2\/posts"}],"about":[{"href":"https:\/\/zjarr.tv\/en\/wp-json\/wp\/v2\/types\/post"}],"author":[{"embeddable":true,"href":"https:\/\/zjarr.tv\/en\/wp-json\/wp\/v2\/users\/2031"}],"replies":[{"embeddable":true,"href":"https:\/\/zjarr.tv\/en\/wp-json\/wp\/v2\/comments?post=179393"}],"version-history":[{"count":0,"href":"https:\/\/zjarr.tv\/en\/wp-json\/wp\/v2\/posts\/179393\/revisions"}],"wp:featuredmedia":[{"embeddable":true,"href":"https:\/\/zjarr.tv\/en\/wp-json\/wp\/v2\/media\/163269"}],"wp:attachment":[{"href":"https:\/\/zjarr.tv\/en\/wp-json\/wp\/v2\/media?parent=179393"}],"wp:term":[{"taxonomy":"category","embeddable":true,"href":"https:\/\/zjarr.tv\/en\/wp-json\/wp\/v2\/categories?post=179393"},{"taxonomy":"post_tag","embeddable":true,"href":"https:\/\/zjarr.tv\/en\/wp-json\/wp\/v2\/tags?post=179393"}],"curies":[{"name":"wp","href":"https:\/\/api.w.org\/{rel}","templated":true}]}}