{"id":179422,"date":"2021-04-25T11:13:48","date_gmt":"2021-04-25T09:13:48","guid":{"rendered":"https:\/\/zjarr.tv\/?p=179422"},"modified":"2021-04-25T11:13:48","modified_gmt":"2021-04-25T09:13:48","slug":"mesazh-nga-david-lega-shpresoj-per-nje-rezultat-te-mire-per-pd-ne","status":"publish","type":"post","link":"https:\/\/zjarr.tv\/en\/mesazh-nga-david-lega-shpresoj-per-nje-rezultat-te-mire-per-pd-ne\/","title":{"rendered":"Mesazh nga David Lega: Shpresoj p\u00ebr nj\u00eb rezultat t\u00eb mir\u00eb p\u00ebr PD-n\u00eb\u2026"},"content":{"rendered":"<p>Raporteri p\u00ebr Shqip\u00ebrin\u00eb n\u00eb Grupin PPE t\u00eb Parlamentit Europian, David Lega ka postuar nj\u00eb mesazh n\u00eb dit\u00ebn e zgjedhjeve.<\/p>\n<p>Ai uron rezultat t\u00eb mir\u00eb p\u00ebr Partin\u00eb Demokratike.<\/p>\n<p><em>\u201cSot Shqip\u00ebria voton.<\/em><\/p>\n<p><em>Un\u00eb u uroj atyre zgjedhje t\u00eb suksesshme dhe t\u00eb ndershme, dhe shpresoj p\u00ebr nj\u00eb rezultat t\u00eb mir\u00eb p\u00ebr Partin\u00eb Demokratike Shqiptare dhe nj\u00eb qeveri t\u00eb re q\u00eb do t\u00eb vazhdoj\u00eb p\u00ebrpjekjet drejt an\u00ebtar\u00ebsimit n\u00eb BE\u201d<\/em>, shkruan Lega.<\/p>\n<p>PPE ka mb\u00ebshtetur gjat\u00eb k\u00ebsaj fushate kreun e PD, Lulzim Basha.<\/p>\n<p><strong>\u00a0<\/strong><\/p>","protected":false},"excerpt":{"rendered":"<p>Raporteri p\u00ebr Shqip\u00ebrin\u00eb n\u00eb Grupin PPE t\u00eb Parlamentit Europian, David Lega ka postuar nj\u00eb mesazh n\u00eb dit\u00ebn e zgjedhjeve. Ai uron rezultat t\u00eb mir\u00eb p\u00ebr Partin\u00eb Demokratike. \u201cSot Shqip\u00ebria voton. Un\u00eb u uroj atyre zgjedhje t\u00eb suksesshme dhe t\u00eb ndershme, dhe shpresoj p\u00ebr nj\u00eb rezultat t\u00eb mir\u00eb p\u00ebr Partin\u00eb Demokratike Shqiptare dhe nj\u00eb qeveri t\u00eb [&hellip;]<\/p>\n","protected":false},"author":2030,"featured_media":179423,"comment_status":"closed","ping_status":"closed","sticky":false,"template":"","format":"standard","meta":{"footnotes":""},"categories":[241,1454],"tags":[],"class_list":{"0":"post-179422","1":"post","2":"type-post","3":"status-publish","4":"format-standard","5":"has-post-thumbnail","7":"category-aktualitet","8":"category-politike"},"_links":{"self":[{"href":"https:\/\/zjarr.tv\/en\/wp-json\/wp\/v2\/posts\/179422","targetHints":{"allow":["GET"]}}],"collection":[{"href":"https:\/\/zjarr.tv\/en\/wp-json\/wp\/v2\/posts"}],"about":[{"href":"https:\/\/zjarr.tv\/en\/wp-json\/wp\/v2\/types\/post"}],"author":[{"embeddable":true,"href":"https:\/\/zjarr.tv\/en\/wp-json\/wp\/v2\/users\/2030"}],"replies":[{"embeddable":true,"href":"https:\/\/zjarr.tv\/en\/wp-json\/wp\/v2\/comments?post=179422"}],"version-history":[{"count":0,"href":"https:\/\/zjarr.tv\/en\/wp-json\/wp\/v2\/posts\/179422\/revisions"}],"wp:featuredmedia":[{"embeddable":true,"href":"https:\/\/zjarr.tv\/en\/wp-json\/wp\/v2\/media\/179423"}],"wp:attachment":[{"href":"https:\/\/zjarr.tv\/en\/wp-json\/wp\/v2\/media?parent=179422"}],"wp:term":[{"taxonomy":"category","embeddable":true,"href":"https:\/\/zjarr.tv\/en\/wp-json\/wp\/v2\/categories?post=179422"},{"taxonomy":"post_tag","embeddable":true,"href":"https:\/\/zjarr.tv\/en\/wp-json\/wp\/v2\/tags?post=179422"}],"curies":[{"name":"wp","href":"https:\/\/api.w.org\/{rel}","templated":true}]}}