{"id":179518,"date":"2021-04-26T08:00:50","date_gmt":"2021-04-26T06:00:50","guid":{"rendered":"https:\/\/zjarr.tv\/?p=179518"},"modified":"2021-04-26T08:13:07","modified_gmt":"2021-04-26T06:13:07","slug":"letra-e-plote-tom-doshi-deklaroj-me-26-prill-se-jap-doreheqjen-e-parevokueshme-si-deputet","status":"publish","type":"post","link":"https:\/\/zjarr.tv\/en\/letra-e-plote-tom-doshi-deklaroj-me-26-prill-se-jap-doreheqjen-e-parevokueshme-si-deputet\/","title":{"rendered":"Letra e plot\u00eb\/ Tom Doshi: Deklaroj m\u00eb 26 Prill se jap dor\u00ebheqjen e parevokueshme si deputet\u2026"},"content":{"rendered":"<p>Kryetari i Partis\u00eb Social-Demokrate, Tom Doshi, ka dh\u00ebn\u00eb papritmas dor\u00ebheqjen e parevokueshme, m\u00eb 26 Prill nga mandati i tij si deputet. As 24 or\u00eb pas zhvillimit t\u00eb Zgjedhjeve, Doshi, i cili e konsideron veten me mandate fitues n\u00eb k\u00ebto Zgjedhje, ka marr\u00eb vendim p\u00ebr t\u2019u t\u00ebrhequr dhe k\u00ebrkes\u00ebn zyrtare ia ka drejtuar Komisionit Zyrtar t\u00eb Zgjedhjeve, me q\u00ebllim q\u00eb mandati i tij t&#8217;i kaloj\u00eb kandidatit tjet\u00ebr.<\/p>\n<p>N\u00eb vijim, letra e plot\u00eb e Tom Doshit:<\/p>\n<p>Lidhur me k\u00ebt\u00eb zhvillim, Z\u00ebri i Amerik\u00ebs komentoi si n\u00eb vijim:<\/p>\n<p>&#8220;Kryetari i PSD, Tom Doshi, dha dor\u00ebheqje t\u00eb parevokueshme nga kandidimi i tij p\u00ebr deputet dhe i k\u00ebrkoi KQZ-s\u00eb, q\u00eb ta z\u00ebvend\u00ebsoj\u00eb me emrat e tjer\u00eb. Nga sondazhet e para Partia e tij mund t\u00eb marr\u00eb t\u00eb pakt\u00ebn nj\u00eb mandat nga votimi i t\u00eb diel\u00ebs.<\/p>\n<p>Zoti Doshi kandidoi p\u00ebr deputet, me gjith\u00eb thirrjet e p\u00ebrs\u00ebritura t\u00eb ambasad\u00ebs amerikane drejtuar institucioneve shqiptare, p\u00ebr t\u00eb shmangur futjen e tij n\u00eb Parlamentin e tij, pasi kishin informacione p\u00ebr korrupsion dometh\u00ebn\u00ebs nga ana e tij.<\/p>\n<p>Ambasadorja e SHBA-ve, Yuri Kim, vizitoi s\u00eb bashku me kryetarin e KQZ-s\u00eb, Ilirjan Celibashi, qendrat e num\u00ebrimit t\u00eb votave n\u00eb dy shkolla dhe t\u00eb dy k\u00ebrkuan administrimin sa m\u00eb t\u00eb sakt\u00eb t\u00eb procesit. \u201cNe do ta shohim procesin nga af\u00ebr. Votuesit shqiptar\u00eb e kan\u00eb b\u00ebr\u00eb pun\u00ebn e tyre, tani p\u00ebrgjegj\u00ebsia mbetet mbi num\u00ebruesit p\u00ebr ta b\u00ebr\u00eb pun\u00ebn e tyre me integritet. Un\u00eb besoj se do ta b\u00ebjn\u00eb&#8221; &#8211; tha ambasadorja Kim. Ajo b\u00ebri thirrje Partive politike, t\u00eb presin me durim rezultatet dhe kur ai t\u00eb certifikohet, duhet t\u2019i pranojn\u00eb ato. Ambasadorja Kim, shkroi m\u00eb pas n\u00eb rrjetet sociale se procesi i num\u00ebrimit, kishte filluar dhe duhej pritur nga t\u00eb gjith\u00eb me durim rezultatet. &#8220;Shtetet e Bashkuara t\u00eb Amerik\u00ebs, do t\u00eb jet\u00eb me ju deri n\u00eb fund!\u201d, &#8211; shkroi ambasadorja Kim.<\/p>\n<p>&nbsp;<\/p>","protected":false},"excerpt":{"rendered":"<p>Kryetari i Partis\u00eb Social-Demokrate, Tom Doshi, ka dh\u00ebn\u00eb papritmas dor\u00ebheqjen e parevokueshme, m\u00eb 26 Prill nga mandati i tij si deputet. As 24 or\u00eb pas zhvillimit t\u00eb Zgjedhjeve, Doshi, i cili e konsideron veten me mandate fitues n\u00eb k\u00ebto Zgjedhje, ka marr\u00eb vendim p\u00ebr t\u2019u t\u00ebrhequr dhe k\u00ebrkes\u00ebn zyrtare ia ka drejtuar Komisionit Zyrtar t\u00eb [&hellip;]<\/p>\n","protected":false},"author":2016,"featured_media":179520,"comment_status":"closed","ping_status":"closed","sticky":false,"template":"","format":"standard","meta":{"footnotes":""},"categories":[241,1454],"tags":[2655],"class_list":{"0":"post-179518","1":"post","2":"type-post","3":"status-publish","4":"format-standard","5":"has-post-thumbnail","7":"category-aktualitet","8":"category-politike","9":"tag-lajme-zjarr-letra-e-plote-e-tom-doshit-zjarr-tv"},"_links":{"self":[{"href":"https:\/\/zjarr.tv\/en\/wp-json\/wp\/v2\/posts\/179518","targetHints":{"allow":["GET"]}}],"collection":[{"href":"https:\/\/zjarr.tv\/en\/wp-json\/wp\/v2\/posts"}],"about":[{"href":"https:\/\/zjarr.tv\/en\/wp-json\/wp\/v2\/types\/post"}],"author":[{"embeddable":true,"href":"https:\/\/zjarr.tv\/en\/wp-json\/wp\/v2\/users\/2016"}],"replies":[{"embeddable":true,"href":"https:\/\/zjarr.tv\/en\/wp-json\/wp\/v2\/comments?post=179518"}],"version-history":[{"count":0,"href":"https:\/\/zjarr.tv\/en\/wp-json\/wp\/v2\/posts\/179518\/revisions"}],"wp:featuredmedia":[{"embeddable":true,"href":"https:\/\/zjarr.tv\/en\/wp-json\/wp\/v2\/media\/179520"}],"wp:attachment":[{"href":"https:\/\/zjarr.tv\/en\/wp-json\/wp\/v2\/media?parent=179518"}],"wp:term":[{"taxonomy":"category","embeddable":true,"href":"https:\/\/zjarr.tv\/en\/wp-json\/wp\/v2\/categories?post=179518"},{"taxonomy":"post_tag","embeddable":true,"href":"https:\/\/zjarr.tv\/en\/wp-json\/wp\/v2\/tags?post=179518"}],"curies":[{"name":"wp","href":"https:\/\/api.w.org\/{rel}","templated":true}]}}