{"id":179536,"date":"2021-04-26T09:07:40","date_gmt":"2021-04-26T07:07:40","guid":{"rendered":"https:\/\/zjarr.tv\/?p=179536"},"modified":"2021-04-26T09:08:17","modified_gmt":"2021-04-26T07:08:17","slug":"lefter-maliqi-nuk-pranon-rezultatin-votat-u-grabiten","status":"publish","type":"post","link":"https:\/\/zjarr.tv\/en\/lefter-maliqi-nuk-pranon-rezultatin-votat-u-grabiten\/","title":{"rendered":"Lefter Maliqi nuk pranon rezultatin: Votat u grabit\u00ebn\u2026"},"content":{"rendered":"<p>Lefter Maliqi, kandidati I LSI-s\u00eb, i cili garoi n\u00eb Berat ka b\u00ebr\u00eb t\u00eb ditur, se nuk do ta pranoj\u00eb rezultatin e Zgjedhjeve.<\/p>\n<p>Maliqi shkruan n\u00eb rrjetet sociale, se nuk do t\u00eb pranoj\u00eb k\u00ebto Zgjedhje kurr\u00eb dhe pik\u00eb dhe deklaron se votat e tij, jan\u00eb grabitur e bler\u00eb. Maliqi thot\u00eb se di\u00e7ka e tmerrshme fshihet.<\/p>\n<p>Postimi i Maliqit:<\/p>\n<p><em>T\u00eb dashur bashk\u00ebqytetar\u00ebt e mi n\u00eb qarkun e Beratit.<\/em><\/p>\n<p><em>Un\u00eb, n\u00eb respekt t\u00eb vullnetit tuaj, nuk i pranoj k\u00ebto zgjedhje, kurr\u00eb dhe pik\u00eb. <\/em><em>Votat e mia jan\u00eb grabitur, jan\u00eb bler\u00eb, jan\u00eb manipuluar, p\u00ebr mua jo vet\u00ebm n\u00eb qarkun Berat por n\u00eb gjith\u00eb vendin, di\u00e7ka e tmerrshme fshihet. Rezultati i deritanish\u00ebm \u00ebsht\u00eb skandaloz dhe i pav\u00ebrtet\u00eb. <\/em><em>Mbetem m\u00eb i fort\u00eb se kurr\u00eb, besoj q\u00eb e v\u00ebrteta do t\u00eb zbardhet, dhe nd\u00ebshkimi do t\u00eb jet\u00eb i r\u00ebnd\u00eb.<\/em><\/p>\n<p><em>Vazhdoj me kok\u00ebn lart dhe me besim n\u00eb Zot, drejt sfidave reale me fitore.<\/em><\/p>\n<p>&nbsp;<\/p>","protected":false},"excerpt":{"rendered":"<p>Lefter Maliqi, kandidati I LSI-s\u00eb, i cili garoi n\u00eb Berat ka b\u00ebr\u00eb t\u00eb ditur, se nuk do ta pranoj\u00eb rezultatin e Zgjedhjeve. Maliqi shkruan n\u00eb rrjetet sociale, se nuk do t\u00eb pranoj\u00eb k\u00ebto Zgjedhje kurr\u00eb dhe pik\u00eb dhe deklaron se votat e tij, jan\u00eb grabitur e bler\u00eb. Maliqi thot\u00eb se di\u00e7ka e tmerrshme fshihet. Postimi [&hellip;]<\/p>\n","protected":false},"author":2016,"featured_media":179538,"comment_status":"closed","ping_status":"closed","sticky":false,"template":"","format":"standard","meta":{"footnotes":""},"categories":[241,1454],"tags":[2660],"class_list":{"0":"post-179536","1":"post","2":"type-post","3":"status-publish","4":"format-standard","5":"has-post-thumbnail","7":"category-aktualitet","8":"category-politike","9":"tag-lajme-zjarr-maliqi-nuk-pranon-rezultatin-zjarr-tv"},"_links":{"self":[{"href":"https:\/\/zjarr.tv\/en\/wp-json\/wp\/v2\/posts\/179536","targetHints":{"allow":["GET"]}}],"collection":[{"href":"https:\/\/zjarr.tv\/en\/wp-json\/wp\/v2\/posts"}],"about":[{"href":"https:\/\/zjarr.tv\/en\/wp-json\/wp\/v2\/types\/post"}],"author":[{"embeddable":true,"href":"https:\/\/zjarr.tv\/en\/wp-json\/wp\/v2\/users\/2016"}],"replies":[{"embeddable":true,"href":"https:\/\/zjarr.tv\/en\/wp-json\/wp\/v2\/comments?post=179536"}],"version-history":[{"count":0,"href":"https:\/\/zjarr.tv\/en\/wp-json\/wp\/v2\/posts\/179536\/revisions"}],"wp:featuredmedia":[{"embeddable":true,"href":"https:\/\/zjarr.tv\/en\/wp-json\/wp\/v2\/media\/179538"}],"wp:attachment":[{"href":"https:\/\/zjarr.tv\/en\/wp-json\/wp\/v2\/media?parent=179536"}],"wp:term":[{"taxonomy":"category","embeddable":true,"href":"https:\/\/zjarr.tv\/en\/wp-json\/wp\/v2\/categories?post=179536"},{"taxonomy":"post_tag","embeddable":true,"href":"https:\/\/zjarr.tv\/en\/wp-json\/wp\/v2\/tags?post=179536"}],"curies":[{"name":"wp","href":"https:\/\/api.w.org\/{rel}","templated":true}]}}