{"id":179539,"date":"2021-04-26T09:17:23","date_gmt":"2021-04-26T07:17:23","guid":{"rendered":"https:\/\/zjarr.tv\/?p=179539"},"modified":"2021-04-26T09:17:23","modified_gmt":"2021-04-26T07:17:23","slug":"mbyllet-procesi-i-numerimit-ne-bashkine-e-kelcyres-ja-rezultati-mes-partive-kryesore","status":"publish","type":"post","link":"https:\/\/zjarr.tv\/en\/mbyllet-procesi-i-numerimit-ne-bashkine-e-kelcyres-ja-rezultati-mes-partive-kryesore\/","title":{"rendered":"Mbyllet procesi i num\u00ebrimit n\u00eb Bashkin\u00eb e K\u00eblcyr\u00ebs\/ Ja rezultati mes Partive kryesore\u2026"},"content":{"rendered":"<p style=\"line-height: 19.5pt; background: white; margin: 0in 0in 18.75pt 0in;\"><span style=\"color: #2c2f34;\">\u00cbsht\u00eb mbyllur procesi i num\u00ebrimit t\u00eb votave, n\u00eb Bashkin\u00eb e K\u00eblcyr\u00ebs dhe rezultatet jan\u00eb si m\u00eb posht\u00eb:<\/span><\/p>\n<p style=\"line-height: 19.5pt; background: white; outline: none; box-sizing: border-box; font-variant-ligatures: normal; font-variant-caps: normal; orphans: 2; text-align: start; widows: 2; -webkit-text-stroke-width: 0px; text-decoration-thickness: initial; text-decoration-style: initial; text-decoration-color: initial; word-spacing: 0px; margin: 0in 0in 18.75pt 0in;\"><span style=\"color: #2c2f34;\">Kryeson partia socialiste, e dyta vjen Partia demokratike dhe e treta L\u00ebvizja Socialiste p\u00ebr Integrim<\/span><\/p>\n<p style=\"margin: 0in; line-height: 19.5pt; background: white; outline: none; box-sizing: border-box; font-variant-ligatures: normal; font-variant-caps: normal; orphans: 2; text-align: start; widows: 2; -webkit-text-stroke-width: 0px; text-decoration-thickness: initial; text-decoration-style: initial; text-decoration-color: initial; word-spacing: 0px;\"><span style=\"color: #2c2f34;\">Partia Socialiste \u2013 1750 vota<br style=\"outline: none; box-sizing: border-box;\" \/>Partia Demokratike \u2013 1070 vota<br style=\"outline: none; box-sizing: border-box;\" \/>L\u00ebvizja Socialiste p\u00ebr Integrim \u2013 509 vota<\/span><\/p>","protected":false},"excerpt":{"rendered":"<p>\u00cbsht\u00eb mbyllur procesi i num\u00ebrimit t\u00eb votave, n\u00eb Bashkin\u00eb e K\u00eblcyr\u00ebs dhe rezultatet jan\u00eb si m\u00eb posht\u00eb: Kryeson partia socialiste, e dyta vjen Partia demokratike dhe e treta L\u00ebvizja Socialiste p\u00ebr Integrim Partia Socialiste \u2013 1750 votaPartia Demokratike \u2013 1070 votaL\u00ebvizja Socialiste p\u00ebr Integrim \u2013 509 vota<\/p>","protected":false},"author":2016,"featured_media":179541,"comment_status":"closed","ping_status":"closed","sticky":false,"template":"","format":"standard","meta":{"footnotes":""},"categories":[241,1454],"tags":[2661],"class_list":{"0":"post-179539","1":"post","2":"type-post","3":"status-publish","4":"format-standard","5":"has-post-thumbnail","7":"category-aktualitet","8":"category-politike","9":"tag-lajme-zjarr-mbyllet-procesi-i-numerimit-kelcyre-zjarr-tv"},"_links":{"self":[{"href":"https:\/\/zjarr.tv\/en\/wp-json\/wp\/v2\/posts\/179539","targetHints":{"allow":["GET"]}}],"collection":[{"href":"https:\/\/zjarr.tv\/en\/wp-json\/wp\/v2\/posts"}],"about":[{"href":"https:\/\/zjarr.tv\/en\/wp-json\/wp\/v2\/types\/post"}],"author":[{"embeddable":true,"href":"https:\/\/zjarr.tv\/en\/wp-json\/wp\/v2\/users\/2016"}],"replies":[{"embeddable":true,"href":"https:\/\/zjarr.tv\/en\/wp-json\/wp\/v2\/comments?post=179539"}],"version-history":[{"count":0,"href":"https:\/\/zjarr.tv\/en\/wp-json\/wp\/v2\/posts\/179539\/revisions"}],"wp:featuredmedia":[{"embeddable":true,"href":"https:\/\/zjarr.tv\/en\/wp-json\/wp\/v2\/media\/179541"}],"wp:attachment":[{"href":"https:\/\/zjarr.tv\/en\/wp-json\/wp\/v2\/media?parent=179539"}],"wp:term":[{"taxonomy":"category","embeddable":true,"href":"https:\/\/zjarr.tv\/en\/wp-json\/wp\/v2\/categories?post=179539"},{"taxonomy":"post_tag","embeddable":true,"href":"https:\/\/zjarr.tv\/en\/wp-json\/wp\/v2\/tags?post=179539"}],"curies":[{"name":"wp","href":"https:\/\/api.w.org\/{rel}","templated":true}]}}