{"id":179573,"date":"2021-04-26T11:42:51","date_gmt":"2021-04-26T09:42:51","guid":{"rendered":"https:\/\/zjarr.tv\/?p=179573"},"modified":"2021-04-26T11:42:51","modified_gmt":"2021-04-26T09:42:51","slug":"shqiperia-ne-pritje-te-rezultatit-te-zgjedhjeve-rama-del-me-mesazhin-e-rendesishem","status":"publish","type":"post","link":"https:\/\/zjarr.tv\/en\/shqiperia-ne-pritje-te-rezultatit-te-zgjedhjeve-rama-del-me-mesazhin-e-rendesishem\/","title":{"rendered":"Shqip\u00ebria n\u00eb pritje t\u00eb rezultatit t\u00eb Zgjedhjeve, Rama del me mesazhin e r\u00ebnd\u00ebsish\u00ebm\u2026"},"content":{"rendered":"<p>N\u00eb koh\u00ebn kur Shqip\u00ebria \u00ebsht\u00eb n\u00eb ankth nga procesi i votimit, Kryeministri Edi Rama ka b\u00ebr\u00eb nj\u00eb postim n\u00eb Facebook, p\u00ebr Zoj\u00ebn e K\u00ebshillit t\u00eb Mir\u00eb.<\/p>\n<p><em style=\"font-weight: inherit;\"> \u201cUrt\u00ebsia e patronazhit shpirt\u00ebror t\u00eb Zoj\u00ebs s\u00eb K\u00ebshillit t\u00eb Mir\u00eb, Pajtore e Shqip\u00ebris\u00eb, i priu shqiptar\u00ebt drejt dit\u00ebs s\u00eb bardh\u00eb dhe mu ashtu vigjilon dhembshurisht mbi ta prej m\u00eb shum\u00eb se pes\u00eb shekujsh! P\u00ebr shum\u00eb vjet g\u00ebzuar fest\u00ebn e Zoj\u00ebs s\u00eb Shkodr\u00ebs, Zoj\u00ebs s\u00eb Shqip\u00ebris\u00eb\u201d,<\/em>\u00a0\u2013 shkruan Rama.<\/p>","protected":false},"excerpt":{"rendered":"<p>N\u00eb koh\u00ebn kur Shqip\u00ebria \u00ebsht\u00eb n\u00eb ankth nga procesi i votimit, Kryeministri Edi Rama ka b\u00ebr\u00eb nj\u00eb postim n\u00eb Facebook, p\u00ebr Zoj\u00ebn e K\u00ebshillit t\u00eb Mir\u00eb. \u201cUrt\u00ebsia e patronazhit shpirt\u00ebror t\u00eb Zoj\u00ebs s\u00eb K\u00ebshillit t\u00eb Mir\u00eb, Pajtore e Shqip\u00ebris\u00eb, i priu shqiptar\u00ebt drejt dit\u00ebs s\u00eb bardh\u00eb dhe mu ashtu vigjilon dhembshurisht mbi ta prej m\u00eb [&hellip;]<\/p>\n","protected":false},"author":2016,"featured_media":179575,"comment_status":"closed","ping_status":"closed","sticky":false,"template":"","format":"standard","meta":{"footnotes":""},"categories":[241],"tags":[2670],"class_list":{"0":"post-179573","1":"post","2":"type-post","3":"status-publish","4":"format-standard","5":"has-post-thumbnail","7":"category-aktualitet","8":"tag-lajme-zjarr-rama-del-me-mesazhin-e-rendesishem-zjarr-tv"},"_links":{"self":[{"href":"https:\/\/zjarr.tv\/en\/wp-json\/wp\/v2\/posts\/179573","targetHints":{"allow":["GET"]}}],"collection":[{"href":"https:\/\/zjarr.tv\/en\/wp-json\/wp\/v2\/posts"}],"about":[{"href":"https:\/\/zjarr.tv\/en\/wp-json\/wp\/v2\/types\/post"}],"author":[{"embeddable":true,"href":"https:\/\/zjarr.tv\/en\/wp-json\/wp\/v2\/users\/2016"}],"replies":[{"embeddable":true,"href":"https:\/\/zjarr.tv\/en\/wp-json\/wp\/v2\/comments?post=179573"}],"version-history":[{"count":0,"href":"https:\/\/zjarr.tv\/en\/wp-json\/wp\/v2\/posts\/179573\/revisions"}],"wp:featuredmedia":[{"embeddable":true,"href":"https:\/\/zjarr.tv\/en\/wp-json\/wp\/v2\/media\/179575"}],"wp:attachment":[{"href":"https:\/\/zjarr.tv\/en\/wp-json\/wp\/v2\/media?parent=179573"}],"wp:term":[{"taxonomy":"category","embeddable":true,"href":"https:\/\/zjarr.tv\/en\/wp-json\/wp\/v2\/categories?post=179573"},{"taxonomy":"post_tag","embeddable":true,"href":"https:\/\/zjarr.tv\/en\/wp-json\/wp\/v2\/tags?post=179573"}],"curies":[{"name":"wp","href":"https:\/\/api.w.org\/{rel}","templated":true}]}}