{"id":179578,"date":"2021-04-26T12:19:35","date_gmt":"2021-04-26T10:19:35","guid":{"rendered":"https:\/\/zjarr.tv\/?p=179578"},"modified":"2021-04-26T12:19:35","modified_gmt":"2021-04-26T10:19:35","slug":"basha-po-numerohen-kutite-e-percaktuara-nga-qeveria-kjo-do-te-thote-qe-ps-ja-ka-nje-humbje-te-thelle","status":"publish","type":"post","link":"https:\/\/zjarr.tv\/en\/basha-po-numerohen-kutite-e-percaktuara-nga-qeveria-kjo-do-te-thote-qe-ps-ja-ka-nje-humbje-te-thelle\/","title":{"rendered":"Basha: Po num\u00ebrohen kutit\u00eb e p\u00ebrcaktuara nga qeveria, kjo do t\u00eb thot\u00eb q\u00eb PS-ja ka nj\u00eb humbje t\u00eb thell\u00eb"},"content":{"rendered":"<p><strong>Basha:<\/strong><\/p>\n<p><em>Do t\u00eb vazhdoni p\u00ebr or\u00ebt e ardhshme derisa num\u00ebrimi t\u00eb mbaroj\u00eb. Qendrat e para q\u00eb do t\u00eb num\u00ebrohen jan\u00eb ato q\u00eb zgjdhen nga partia n\u00eb pushtet t\u00eb num\u00ebrohen dhe kjo do t\u00eb thot\u00eb se PS-ja ka nj\u00eb humbje t\u00eb thell\u00eb. Ky \u00ebsht\u00eb fillimi dhe pas kutive q\u00eb shpresonin ti kishnin bastion sic \u00ebsht\u00eb zona 10 n\u00eb Tiran\u00eb ku PD ka 30% rritje dhe n\u00eb zon\u00ebn e Memaliaj. Ajo q\u00eb \u00ebsht\u00eb e qart\u00eb q\u00eb \u2026Cfar\u00eb \u00ebsht\u00eb e r\u00ebnd\u00ebsishme tani \u00ebsht\u00eb q\u00eb me projeksionet aktuale cfar\u00eb e prek n\u00eb kutit\u00eb e tjera jan\u00eb ata q\u00eb e kan bllokuar num\u00ebrimin, por le t\u00eb vazhdoj\u00eb num\u00ebrimi. Thirrja ime \u00ebsht\u00eb t\u00eb vazhdoj\u00eb num\u00ebrimi dhe t\u00eb kryehet n\u00eb m\u00ebnyr\u00eb strikte dhe rigoroze. Ashtu sic i quanin ato bastiot e tyre ashtu do t\u00eb shihet dhe n\u00eb or\u00ebt n\u00eb vazhdim humbja e thell\u00eb e tyre.<\/em><\/p>","protected":false},"excerpt":{"rendered":"<p>Basha: Do t\u00eb vazhdoni p\u00ebr or\u00ebt e ardhshme derisa num\u00ebrimi t\u00eb mbaroj\u00eb. Qendrat e para q\u00eb do t\u00eb num\u00ebrohen jan\u00eb ato q\u00eb zgjdhen nga partia n\u00eb pushtet t\u00eb num\u00ebrohen dhe kjo do t\u00eb thot\u00eb se PS-ja ka nj\u00eb humbje t\u00eb thell\u00eb. Ky \u00ebsht\u00eb fillimi dhe pas kutive q\u00eb shpresonin ti kishnin bastion sic \u00ebsht\u00eb zona [&hellip;]<\/p>\n","protected":false},"author":2030,"featured_media":179579,"comment_status":"closed","ping_status":"closed","sticky":false,"template":"","format":"standard","meta":{"footnotes":""},"categories":[241,1454],"tags":[],"class_list":{"0":"post-179578","1":"post","2":"type-post","3":"status-publish","4":"format-standard","5":"has-post-thumbnail","7":"category-aktualitet","8":"category-politike"},"_links":{"self":[{"href":"https:\/\/zjarr.tv\/en\/wp-json\/wp\/v2\/posts\/179578","targetHints":{"allow":["GET"]}}],"collection":[{"href":"https:\/\/zjarr.tv\/en\/wp-json\/wp\/v2\/posts"}],"about":[{"href":"https:\/\/zjarr.tv\/en\/wp-json\/wp\/v2\/types\/post"}],"author":[{"embeddable":true,"href":"https:\/\/zjarr.tv\/en\/wp-json\/wp\/v2\/users\/2030"}],"replies":[{"embeddable":true,"href":"https:\/\/zjarr.tv\/en\/wp-json\/wp\/v2\/comments?post=179578"}],"version-history":[{"count":0,"href":"https:\/\/zjarr.tv\/en\/wp-json\/wp\/v2\/posts\/179578\/revisions"}],"wp:featuredmedia":[{"embeddable":true,"href":"https:\/\/zjarr.tv\/en\/wp-json\/wp\/v2\/media\/179579"}],"wp:attachment":[{"href":"https:\/\/zjarr.tv\/en\/wp-json\/wp\/v2\/media?parent=179578"}],"wp:term":[{"taxonomy":"category","embeddable":true,"href":"https:\/\/zjarr.tv\/en\/wp-json\/wp\/v2\/categories?post=179578"},{"taxonomy":"post_tag","embeddable":true,"href":"https:\/\/zjarr.tv\/en\/wp-json\/wp\/v2\/tags?post=179578"}],"curies":[{"name":"wp","href":"https:\/\/api.w.org\/{rel}","templated":true}]}}