{"id":179595,"date":"2021-04-26T12:45:29","date_gmt":"2021-04-26T10:45:29","guid":{"rendered":"https:\/\/zjarr.tv\/?p=179595"},"modified":"2021-04-26T12:45:29","modified_gmt":"2021-04-26T10:45:29","slug":"boiken-abazi-zbulon-skemen-ne-fleten-e-votimit-po-vendoset-nje-x-tek-kandidatet-e-ps-per-ta-shpallur-voten-te-pavlefshme","status":"publish","type":"post","link":"https:\/\/zjarr.tv\/en\/boiken-abazi-zbulon-skemen-ne-fleten-e-votimit-po-vendoset-nje-x-tek-kandidatet-e-ps-per-ta-shpallur-voten-te-pavlefshme\/","title":{"rendered":"Boiken Abazi zbulon skem\u00ebn: N\u00eb flet\u00ebn e votimit po vendoset nj\u00eb X tek kandidat\u00ebt e PS, p\u00ebr t\u2019a shpallur vot\u00ebn t\u00eb pavlefshme"},"content":{"rendered":"<p style=\"margin: 0in; line-height: 19.5pt; background: white;\"><span style=\"color: #2c2f34;\">Kandidati i L\u00ebvizjes Vet\u00ebvendosje n\u00eb qarkun e Tiran\u00ebs, Boiken Abazi, ka reaguar me an\u00eb t\u00eb nj\u00eb postimi n\u00eb rrjetin e tij social, lidhur me at\u00eb q\u00eb ai e quan si \u201cdeformim t\u00eb vot\u00ebs\u201d.<br style=\"outline: none; box-sizing: border-box;\" \/>Abazi thot\u00eb se po aplikohen disa m\u00ebnyra p\u00ebr t\u00eb vjedhur vota, apo p\u00ebr t\u2019i deformuar.<\/span><\/p>\n<p style=\"line-height: 19.5pt; background: white; outline: none; box-sizing: border-box; font-variant-ligatures: normal; font-variant-caps: normal; orphans: 2; text-align: start; widows: 2; -webkit-text-stroke-width: 0px; text-decoration-thickness: initial; text-decoration-style: initial; text-decoration-color: initial; word-spacing: 0px; margin: 0in 0in 18.75pt 0in;\"><span style=\"color: #2c2f34;\">Sipas tij votat e dh\u00ebna ndaj tij, jan\u00eb shpallur t\u00eb pavlefshme pasi n\u00eb flet\u00ebn e votimit ku ai \u00ebsht\u00eb votuar, vendosen gjithashtu vota drejt kandidat\u00ebve t\u00eb PS duke e nxjerr\u00eb k\u00ebshtu flet\u00ebn e votimit t\u00eb pavlefshme.<\/span><\/p>\n<p style=\"line-height: 19.5pt; background: white; outline: none; box-sizing: border-box; font-variant-ligatures: normal; font-variant-caps: normal; orphans: 2; text-align: start; widows: 2; -webkit-text-stroke-width: 0px; text-decoration-thickness: initial; text-decoration-style: initial; text-decoration-color: initial; word-spacing: 0px; margin: 0in 0in 18.75pt 0in;\"><span style=\"color: #2c2f34;\">Ai shtoi se k\u00ebto raste jan\u00eb evidentuar n\u00eb disa qendra num\u00ebrimi, t\u00eb cilat do t\u00eb b\u00ebhen publike n\u00eb vijim.<\/span><\/p>\n<p style=\"line-height: 19.5pt; background: white; outline: none; box-sizing: border-box; font-variant-ligatures: normal; font-variant-caps: normal; orphans: 2; text-align: start; widows: 2; -webkit-text-stroke-width: 0px; text-decoration-thickness: initial; text-decoration-style: initial; text-decoration-color: initial; word-spacing: 0px; margin: 0in 0in 18.75pt 0in;\"><span style=\"color: #2c2f34;\">Postimi i Plot\u00eb:<\/span><\/p>\n<p style=\"line-height: 19.5pt; background: white; outline: none; box-sizing: border-box; font-variant-ligatures: normal; font-variant-caps: normal; orphans: 2; text-align: start; widows: 2; -webkit-text-stroke-width: 0px; text-decoration-thickness: initial; text-decoration-style: initial; text-decoration-color: initial; word-spacing: 0px; margin: 0in 0in 18.75pt 0in;\"><span style=\"color: #2c2f34;\">Nj\u00eb nga m\u00ebnyrat se si po e vjedhin dhe\/ose deformojn\u00eb vot\u00ebn ton\u00eb n\u00eb k\u00ebto zgjedhje \u00ebsht\u00eb si n\u00eb vijim:<\/span><\/p>\n<p style=\"line-height: 19.5pt; background: white; outline: none; box-sizing: border-box; font-variant-ligatures: normal; font-variant-caps: normal; orphans: 2; text-align: start; widows: 2; -webkit-text-stroke-width: 0px; text-decoration-thickness: initial; text-decoration-style: initial; text-decoration-color: initial; word-spacing: 0px; margin: 0in 0in 18.75pt 0in;\"><span style=\"color: #2c2f34;\">Aty ku qytetari ka vendosur nj\u00eb \u201cX\u201d posht\u00eb nr. 13 n\u00eb flet\u00ebn e votimit pran\u00eb emrit tim, te i nj\u00ebjti flet\u00ebvotim kan\u00eb vendosur edhe nj\u00eb \u201cX\u201d tjet\u00ebr te nj\u00eb prej kandidat\u00ebve t\u00eb PS, duke e shpallur t\u00eb pavlefshme flet\u00ebn e votimit ose duke ia dh\u00ebn\u00eb PS.<\/span><\/p>\n<p style=\"margin: 0in; line-height: 19.5pt; background: white; outline: none; box-sizing: border-box; font-variant-ligatures: normal; font-variant-caps: normal; orphans: 2; text-align: start; widows: 2; -webkit-text-stroke-width: 0px; text-decoration-thickness: initial; text-decoration-style: initial; text-decoration-color: initial; word-spacing: 0px;\"><span style=\"color: #2c2f34;\">Deri tani k\u00ebto raste i kemi evidentuar n\u00eb disa Qendra Num\u00ebrimi t\u00eb cilat do i b\u00ebjm\u00eb publike n\u00eb vijim.<\/span><\/p>","protected":false},"excerpt":{"rendered":"<p>Kandidati i L\u00ebvizjes Vet\u00ebvendosje n\u00eb qarkun e Tiran\u00ebs, Boiken Abazi, ka reaguar me an\u00eb t\u00eb nj\u00eb postimi n\u00eb rrjetin e tij social, lidhur me at\u00eb q\u00eb ai e quan si \u201cdeformim t\u00eb vot\u00ebs\u201d.Abazi thot\u00eb se po aplikohen disa m\u00ebnyra p\u00ebr t\u00eb vjedhur vota, apo p\u00ebr t\u2019i deformuar. Sipas tij votat e dh\u00ebna ndaj tij, jan\u00eb [&hellip;]<\/p>\n","protected":false},"author":2016,"featured_media":179600,"comment_status":"closed","ping_status":"closed","sticky":false,"template":"","format":"standard","meta":{"footnotes":""},"categories":[241,1454],"tags":[2673],"class_list":{"0":"post-179595","1":"post","2":"type-post","3":"status-publish","4":"format-standard","5":"has-post-thumbnail","7":"category-aktualitet","8":"category-politike","9":"tag-lajme-zjarr-boiken-abazi-zbulon-skemen-zjarr-tv"},"_links":{"self":[{"href":"https:\/\/zjarr.tv\/en\/wp-json\/wp\/v2\/posts\/179595","targetHints":{"allow":["GET"]}}],"collection":[{"href":"https:\/\/zjarr.tv\/en\/wp-json\/wp\/v2\/posts"}],"about":[{"href":"https:\/\/zjarr.tv\/en\/wp-json\/wp\/v2\/types\/post"}],"author":[{"embeddable":true,"href":"https:\/\/zjarr.tv\/en\/wp-json\/wp\/v2\/users\/2016"}],"replies":[{"embeddable":true,"href":"https:\/\/zjarr.tv\/en\/wp-json\/wp\/v2\/comments?post=179595"}],"version-history":[{"count":0,"href":"https:\/\/zjarr.tv\/en\/wp-json\/wp\/v2\/posts\/179595\/revisions"}],"wp:featuredmedia":[{"embeddable":true,"href":"https:\/\/zjarr.tv\/en\/wp-json\/wp\/v2\/media\/179600"}],"wp:attachment":[{"href":"https:\/\/zjarr.tv\/en\/wp-json\/wp\/v2\/media?parent=179595"}],"wp:term":[{"taxonomy":"category","embeddable":true,"href":"https:\/\/zjarr.tv\/en\/wp-json\/wp\/v2\/categories?post=179595"},{"taxonomy":"post_tag","embeddable":true,"href":"https:\/\/zjarr.tv\/en\/wp-json\/wp\/v2\/tags?post=179595"}],"curies":[{"name":"wp","href":"https:\/\/api.w.org\/{rel}","templated":true}]}}