{"id":179637,"date":"2021-04-26T15:38:06","date_gmt":"2021-04-26T13:38:06","guid":{"rendered":"https:\/\/zjarr.tv\/?p=179637"},"modified":"2021-04-26T15:38:06","modified_gmt":"2021-04-26T13:38:06","slug":"osbe-dhe-keshilli-i-evropes-po-rivendoset-besimi-te-zgjedhjet-procesi-ishte-transparent-dhe-i-qete-e-diela-dita-me-e-mire-vrasja-ne-elbasan-ngjarja-me-e-rende","status":"publish","type":"post","link":"https:\/\/zjarr.tv\/en\/osbe-dhe-keshilli-i-evropes-po-rivendoset-besimi-te-zgjedhjet-procesi-ishte-transparent-dhe-i-qete-e-diela-dita-me-e-mire-vrasja-ne-elbasan-ngjarja-me-e-rende\/","title":{"rendered":"OSBE dhe K\u00ebshilli i Evrop\u00ebs: Po rivendoset besimi te zgjedhjet, procesi ishte transparent dhe i qet\u00eb, e diela dita m\u00eb e mir\u00eb! Vrasja n\u00eb Elbasan, ngjarja m\u00eb e r\u00ebnd\u00eb"},"content":{"rendered":"<p>V\u00ebzhguesit e OSBE\/ODIHR po prezantojn\u00eb raportin paraprak lidhur mbi ecurin\u00eb e zgjedhjeve t\u00eb 25 prillit n\u00eb Shqip\u00ebri.\u00a0Azay Guliyev, koordinator special dhe drejtuesi afatshkurt\u00ebr i misionit v\u00ebzhgues n\u00eb Shqip\u00ebri u shpreh se n\u00eb k\u00ebto zgjedhje nuk pati probleme me list\u00ebn e zgjedh\u00ebsve.<\/p>\n<p>P\u00ebrfaq\u00ebsuesi i OSBE\/ODIHR n\u00eb Tiran\u00eb tha se fushata elektorale nuk pati dinamik\u00ebn e duhur, pasi mesazhet u fokusuan m\u00eb shum\u00eb te lider\u00ebt politik\u00eb. Ngjarja m\u00eb e r\u00ebnde\u00a0e k\u00ebtyre zgjedhjeve sipas OSBE u cil\u00ebsua ajo e Elbasanit ku u vra nj\u00eb mb\u00ebshtet\u00ebs i PS Pjerin Xhuvani nga shoq\u00ebruesi i Gazmend Bardhit, Arb\u00ebr Paplekaj.<\/p>\n<p><em>\u201cKQZ operoi n\u00eb m\u00ebnyr\u00eb transparente dhe ka g\u00ebzuar besimin e t\u00eb gjith\u00eb aktor\u00ebve. Sa i p\u00ebrket fushat\u00ebs, t\u00eb gjitha subjektet zgjedhore b\u00ebn\u00eb fushat\u00eb n\u00eb m\u00ebnyr\u00eb t\u00eb lir\u00eb, pavar\u00ebsisht kufizimeve t\u00eb Covid-it. Megjithat\u00eb, fushata nuk pati dinamik\u00ebn e duhur, sepse mesazhet e fokusuan te lider\u00ebt e partive, dhe jo te programet. Pretendimet p\u00ebr shit-blerjen e vot\u00ebs ishin n\u00eb fokus t\u00eb fushat\u00ebs, duke treguar se kjo \u00ebsht\u00eb akoma problem.<\/em><\/p>\n<p><em>Ngjarja m\u00eb e r\u00ebnd\u00eb p\u00ebr fat t\u00eb keq ishin k\u00ebto incidente q\u00eb shkaktuan vuajtje njer\u00ebzore. Ngjarja m\u00eb e r\u00ebnd\u00eb ajo\u00a0e Elbasanit. Duhet t\u00eb ket\u00eb d\u00ebnim dhe nd\u00ebshkim p\u00eber k\u00ebt\u00eb rast\u201d, <\/em>tha ai.<\/p>","protected":false},"excerpt":{"rendered":"<p>V\u00ebzhguesit e OSBE\/ODIHR po prezantojn\u00eb raportin paraprak lidhur mbi ecurin\u00eb e zgjedhjeve t\u00eb 25 prillit n\u00eb Shqip\u00ebri.\u00a0Azay Guliyev, koordinator special dhe drejtuesi afatshkurt\u00ebr i misionit v\u00ebzhgues n\u00eb Shqip\u00ebri u shpreh se n\u00eb k\u00ebto zgjedhje nuk pati probleme me list\u00ebn e zgjedh\u00ebsve. P\u00ebrfaq\u00ebsuesi i OSBE\/ODIHR n\u00eb Tiran\u00eb tha se fushata elektorale nuk pati dinamik\u00ebn e duhur, [&hellip;]<\/p>\n","protected":false},"author":2030,"featured_media":179638,"comment_status":"closed","ping_status":"closed","sticky":false,"template":"","format":"standard","meta":{"footnotes":""},"categories":[241,1454],"tags":[],"class_list":{"0":"post-179637","1":"post","2":"type-post","3":"status-publish","4":"format-standard","5":"has-post-thumbnail","7":"category-aktualitet","8":"category-politike"},"_links":{"self":[{"href":"https:\/\/zjarr.tv\/en\/wp-json\/wp\/v2\/posts\/179637","targetHints":{"allow":["GET"]}}],"collection":[{"href":"https:\/\/zjarr.tv\/en\/wp-json\/wp\/v2\/posts"}],"about":[{"href":"https:\/\/zjarr.tv\/en\/wp-json\/wp\/v2\/types\/post"}],"author":[{"embeddable":true,"href":"https:\/\/zjarr.tv\/en\/wp-json\/wp\/v2\/users\/2030"}],"replies":[{"embeddable":true,"href":"https:\/\/zjarr.tv\/en\/wp-json\/wp\/v2\/comments?post=179637"}],"version-history":[{"count":0,"href":"https:\/\/zjarr.tv\/en\/wp-json\/wp\/v2\/posts\/179637\/revisions"}],"wp:featuredmedia":[{"embeddable":true,"href":"https:\/\/zjarr.tv\/en\/wp-json\/wp\/v2\/media\/179638"}],"wp:attachment":[{"href":"https:\/\/zjarr.tv\/en\/wp-json\/wp\/v2\/media?parent=179637"}],"wp:term":[{"taxonomy":"category","embeddable":true,"href":"https:\/\/zjarr.tv\/en\/wp-json\/wp\/v2\/categories?post=179637"},{"taxonomy":"post_tag","embeddable":true,"href":"https:\/\/zjarr.tv\/en\/wp-json\/wp\/v2\/tags?post=179637"}],"curies":[{"name":"wp","href":"https:\/\/api.w.org\/{rel}","templated":true}]}}