{"id":179655,"date":"2021-04-26T16:40:09","date_gmt":"2021-04-26T14:40:09","guid":{"rendered":"https:\/\/zjarr.tv\/?p=179655"},"modified":"2021-04-26T16:40:09","modified_gmt":"2021-04-26T14:40:09","slug":"tabaku-kemi-thyer-nje-bastion-te-majte-jemi-rreth-400-vota-perpara","status":"publish","type":"post","link":"https:\/\/zjarr.tv\/en\/tabaku-kemi-thyer-nje-bastion-te-majte-jemi-rreth-400-vota-perpara\/","title":{"rendered":"Tabaku: Kemi thyer nj\u00eb bastion t\u00eb majt\u00eb, jemi rreth 400 vota p\u00ebrpara"},"content":{"rendered":"<p>Kandidatja p\u00ebr deputet, Jorida Tabaku ka deklaruar dit\u00ebn e sotme se Partia Demokratike ka arritur t\u00eb thyej\u00eb nj\u00eb bastion t\u00eb majt\u00eb p\u00ebr her\u00eb t\u00eb par\u00eb n\u00eb 12 vite.<\/p>\n<p>B\u00ebhet fjal\u00eb p\u00ebr deg\u00ebn num\u00ebr 2 n\u00eb shkoll\u00ebn Hoxha Tahsim, p\u00ebr t\u00eb cil\u00ebn Jorida Tabaku deklaroi se opozita e bashkuar ka dal\u00eb 400 vota p\u00ebrpara Partis\u00eb Socialiste.<\/p>\n<p><strong><em>DEKLARAT\u00cb E PD, JORIDA TABAKU<\/em><\/strong><\/p>\n<p><em>Jam k\u00ebtu n\u00eb deg\u00ebn num\u00ebr 2, n\u00eb shkoll\u00ebn \u201cHoxha Tahsin\u201d, ku po vazhdon num\u00ebrimi dhe nuk ka patur asnj\u00eb moment pushimi. Partia Demokratike n\u00eb k\u00ebto momente, kur \u00ebsht\u00eb num\u00ebruar m\u00eb pak se gjysma e kutive, ka rikuperuar pothuajse 2800 vota krahasuar me zgjedhjet e fundit n\u00eb vitin 2017. Koalicioni opozitar n\u00eb deg\u00ebn 2 k\u00ebtu kryeson p\u00ebr her\u00eb t\u00eb par\u00eb pas 12 vitesh. Ne kemi thyer nj\u00eb bastion t\u00eb majt\u00eb dhe p\u00ebr her\u00eb t\u00eb par\u00eb pas 12 vitesh Partia Demokratike bashk\u00eb me LSI-in jan\u00eb pothuajse 400 vota p\u00ebrpara. Trendi do t\u00eb vazhdoj\u00eb t\u00eb jet\u00eb i nj\u00ebjt\u00eb. Kemi 40% rritje n\u00eb secil\u00ebn prej kutive t\u00eb votimit q\u00eb kemi num\u00ebruar deri tani dhe besoj si\u00e7 e shikoni t\u00eb gjith\u00eb an\u00ebtar\u00ebt e Partis\u00eb Demokratike, num\u00ebruesit, v\u00ebzhguesit, jan\u00eb k\u00ebtu n\u00eb krye t\u00eb detyr\u00ebs t\u00eb interesuar q\u00eb ky proces t\u00eb p\u00ebrfundoj\u00eb sa m\u00eb shpejt\u00eb q\u00eb Shqip\u00ebria t\u00eb fitoj, Tirana t\u00eb fitoj\u00eb.<\/em><\/p>","protected":false},"excerpt":{"rendered":"<p>Kandidatja p\u00ebr deputet, Jorida Tabaku ka deklaruar dit\u00ebn e sotme se Partia Demokratike ka arritur t\u00eb thyej\u00eb nj\u00eb bastion t\u00eb majt\u00eb p\u00ebr her\u00eb t\u00eb par\u00eb n\u00eb 12 vite. B\u00ebhet fjal\u00eb p\u00ebr deg\u00ebn num\u00ebr 2 n\u00eb shkoll\u00ebn Hoxha Tahsim, p\u00ebr t\u00eb cil\u00ebn Jorida Tabaku deklaroi se opozita e bashkuar ka dal\u00eb 400 vota p\u00ebrpara Partis\u00eb Socialiste. [&hellip;]<\/p>\n","protected":false},"author":2030,"featured_media":179656,"comment_status":"closed","ping_status":"closed","sticky":false,"template":"","format":"standard","meta":{"footnotes":""},"categories":[241,1454],"tags":[],"class_list":{"0":"post-179655","1":"post","2":"type-post","3":"status-publish","4":"format-standard","5":"has-post-thumbnail","7":"category-aktualitet","8":"category-politike"},"_links":{"self":[{"href":"https:\/\/zjarr.tv\/en\/wp-json\/wp\/v2\/posts\/179655","targetHints":{"allow":["GET"]}}],"collection":[{"href":"https:\/\/zjarr.tv\/en\/wp-json\/wp\/v2\/posts"}],"about":[{"href":"https:\/\/zjarr.tv\/en\/wp-json\/wp\/v2\/types\/post"}],"author":[{"embeddable":true,"href":"https:\/\/zjarr.tv\/en\/wp-json\/wp\/v2\/users\/2030"}],"replies":[{"embeddable":true,"href":"https:\/\/zjarr.tv\/en\/wp-json\/wp\/v2\/comments?post=179655"}],"version-history":[{"count":0,"href":"https:\/\/zjarr.tv\/en\/wp-json\/wp\/v2\/posts\/179655\/revisions"}],"wp:featuredmedia":[{"embeddable":true,"href":"https:\/\/zjarr.tv\/en\/wp-json\/wp\/v2\/media\/179656"}],"wp:attachment":[{"href":"https:\/\/zjarr.tv\/en\/wp-json\/wp\/v2\/media?parent=179655"}],"wp:term":[{"taxonomy":"category","embeddable":true,"href":"https:\/\/zjarr.tv\/en\/wp-json\/wp\/v2\/categories?post=179655"},{"taxonomy":"post_tag","embeddable":true,"href":"https:\/\/zjarr.tv\/en\/wp-json\/wp\/v2\/tags?post=179655"}],"curies":[{"name":"wp","href":"https:\/\/api.w.org\/{rel}","templated":true}]}}