{"id":179739,"date":"2021-04-26T20:11:40","date_gmt":"2021-04-26T18:11:40","guid":{"rendered":"https:\/\/zjarr.tv\/?p=179739"},"modified":"2021-04-26T20:11:40","modified_gmt":"2021-04-26T18:11:40","slug":"mori-ne-dore-ps-ne-e-tiranes-keto-zgjedhje-erion-veliaj-thumbon-kundershtaret-me-vjen-mire-qe-u-argetuan-por-dikush-tjeter-fitoi","status":"publish","type":"post","link":"https:\/\/zjarr.tv\/en\/mori-ne-dore-ps-ne-e-tiranes-keto-zgjedhje-erion-veliaj-thumbon-kundershtaret-me-vjen-mire-qe-u-argetuan-por-dikush-tjeter-fitoi\/","title":{"rendered":"Mori n\u00eb dor\u00eb PS-n\u00eb e Tiran\u00ebs k\u00ebto zgjedhje, Erion Veliaj thumbon kund\u00ebrshtar\u00ebt: M\u00eb vjen mir\u00eb q\u00eb u arg\u00ebtuan por dikush tjet\u00ebr fitoi"},"content":{"rendered":"<p>Kryetari i Bashkis\u00eb s\u00eb Tiran\u00ebs, Erion Veliaj ka folur p\u00ebr Fax News p\u00ebr zgjedhjet parlamentare t\u00eb 25 prillit, n\u00eb cil\u00ebsin\u00eb e drejtuesit politik t\u00eb Partis\u00eb Socialiste n\u00eb Kryeqytet.<\/p>\n<p>Tema e par\u00eb p\u00ebr t\u00eb cil\u00ebn foli Veliaj ishin patronazhist\u00ebt. Ai tha se sistemi i patrionazhist\u00ebve \u00ebsht\u00eb nj\u00eb gj\u00eb krejt\u00ebsisht normal, por nj\u00eb gj\u00eb normale jan\u00eb struktura p\u00ebr mbrojtjen e vot\u00ebs q\u00eb ngriti PD-ja, sipas Veliajt.<\/p>\n<p>Kryetari i Bashkis\u00eb m\u00eb tej parashikoi se sipas projeksioneve, PS-ja do t\u00eb fitoj\u00eb me mbi 75 mandate. Duke folur p\u00ebr zgjedhjet e s\u00eb diel\u00ebs, Veliaj nuk la pa thumbuar kund\u00ebrshtar\u00ebt politike, teksa u shpreh se ata u arg\u00ebtuan gjat\u00eb fushat\u00ebs me patronazhist\u00ebt, por n\u00eb fund dikush tjet\u00ebr fitoi.<\/p>\n<p>Intervista e plot\u00eb:<\/p>\n<p>Sa m\u00eb k\u00ebmb\u00eb n\u00eb tok\u00eb, sa m\u00eb thjesht\u00eb. Ky ka qen\u00eb nj\u00eb parim q\u00eb na ka funksionuar. Nuk \u00ebsht\u00eb dukja gj\u00ebja m\u00eb e r\u00ebnd\u00ebsishme. Pyetja nuk \u00ebsht\u00eb kush e ka makin\u00ebn m\u00eb t\u00eb madhe kdhe kush b\u00ebn m\u00eb shum\u00eb zhurm\u00eb, puna \u00ebsht\u00eb kush e ka iden\u00eb m\u00eb t\u00eb mir\u00eb dhe kush b\u00ebn m\u00eb shum\u00eb pun\u00eb. Jemi munduar t\u00eb b\u00ebjm\u00eb fushat\u00eb sa m\u00eb moderne. Fushata e vitit 90 njer\u00ebzit i kan\u00eb par\u00eb. Puna \u00ebsht\u00eb a keni alternativ\u00eb m\u00eb t\u00eb mir\u00eb. Ndjekim num\u00ebrimin me patronazhist\u00ebt tan\u00eb, sepse kan\u00eb b\u00ebr\u00eb nj\u00eb pun\u00eb t\u00eb shk\u00eblqyeshme. I thoja Kryeministrit se ne do fitojm\u00eb sepse kishim informacion.<\/p>\n<p>Po t\u00eb ishte gj\u00eb e v\u00ebrtet\u00eb ato q\u00eb thon\u00eb patronazhist\u00ebet at\u00ebher\u00eb do ishin ccuar n\u00eb SPAK. Ata thjesht b\u00ebjn\u00eb nj\u00eb ide. Qoft\u00eb dhe nj\u00eb dyqan ka nj\u00eb marr\u00ebdh\u00ebnie me klientin, jo m\u00eb politika e cila \u00ebsht\u00eb e gjitha marr\u00ebdh\u00ebnie me njer\u00ebzit. N\u00eb politik\u00eb, materiali i par\u00eb q\u00eb punojm\u00eb jan\u00eb njer\u00ebzit, prandaj dhe krijimi i nj\u00eb databaze \u00ebsht\u00eb normale. M\u00eb vjen mir\u00eb q\u00eb u arg\u00ebtuan gjat\u00eb fushat\u00ebs, por dikush tjet\u00ebr fitoi betej\u00ebn. Ne q\u00ebndruam t\u00eb fiokuar dhe mbajt\u00ebm syt\u00eb te finishi.<\/p>\n<p>910 mij\u00eb zgjedh\u00ebs t\u00eb qarkut t\u00eb Tiran\u00ebs i keni n\u00eb faqen e KQZ-s\u00eb. sicc ndodh nj\u00eb sondazh, ata q\u00eb vijn\u00eb nuk e din\u00eb paraprakisht adres\u00ebn t\u00ebnde dhe emrin t\u00ebnd. Puna \u00ebsht\u00eb ccfar\u00eb b\u00ebn ti me ato t\u00eb dh\u00ebna. Nj\u00eb portal e botoi at\u00eb list\u00eb dhe e bashkoi me nj\u00eb list\u00eb t\u00eb tjera. Kur dikush b\u00ebn nj\u00eb miksim t\u00eb dy listave dhe m\u00eb pas e hedh n\u00eb publik, kjo \u00ebsht\u00eb e d\u00ebnueshm\u00eb. K\u00ebto figura q\u00eb jan\u00eb p\u00ebrfshir\u00eb m\u00eb shum\u00eb se politikan\u00ebt. N\u00ebse ata zgjedhin ta b\u00ebjn\u00eb k\u00ebt\u00eb gj\u00eb \u00ebsht\u00eb puna e tyre. N\u00ebse dikush merr list\u00ebn e KQZ. E kemi kthyer n\u00eb brand fjal\u00ebn patronazhist, kur PD-ja e ktheu n\u00eb brend fjal\u00ebn paramilitar. Vret dik\u00eb n\u00eb nj\u00eb qytet tjet\u00ebr.<\/p>\n<p>Jam treguar i kujdessh\u00ebm dhe kam shpallur fitore kur \u00ebsht\u00eb mbyllur procesverbali. Nuk jam vet\u00ebm un\u00eb, jan\u00eb nj\u00eb grup i t\u00ebr\u00eb q\u00eb punojn\u00eb. Jan\u00eb njer\u00ebz q\u00eb marrin feedback nga komuniteti. \u00cbsht\u00eb nj\u00eb m\u00ebnyr\u00eb p\u00ebr t\u2019i th\u00ebn\u00eb k\u00ebtyre njer\u00ebzve faleminderit. Duam t\u2019i japim edhe atyre nj\u00eb mesazh, do ju sh\u00ebrvbejm\u00eb nj\u00ebsoj. Jemui v\u00ebllez\u00ebr, motra, kush\u00ebrinj, komshinj. Nuk duan ta shohin si diccka mos o zot, por si nj\u00eb betej\u00eb mes dy skuadrave. P\u00ebr aq koh\u00eb sa nuk kemi b\u00ebjm\u00eb diskriminime.<\/p>\n<p>Kam qen\u00eb k\u00ebtu vet\u00ebm p\u00ebr gj\u00ebra q\u00eb jan\u00eb me siguri. 18 jam i sigurt\u00eb por duhet t\u00eb presim deri n\u00eb fund n\u00eb respekt t\u00eb votuesit. Ky eshte patjet\u00ebr proces objektiv, por njer\u00ebzit jan\u00eb prej gjaku dhe b\u00ebhen dhe subjektive.<\/p>\n<p>PS-ja n\u00eb k\u00ebt\u00eb projeksioni 75-76-77 mandate. Nuk ka nevoj\u00eb. Publiku i ka th\u00ebn\u00eb dua ta b\u00ebsh ti k\u00ebt\u00eb vend. Duke njohur vendin, n\u00eb fjal\u00ebn e par\u00eb t\u00eb Kryeministrit do i drejtohet t\u00eb gjith\u00eb vendit dhe do ftoj\u00eb opozit\u00ebn p\u00ebr bashk\u00ebpunim. Na duhet t\u00eb gjith\u00eb t\u00eb bahsk\u00ebpunojm\u00eb. Jan\u00eb disa tema, dhe disa t\u00eb tjera.<\/p>\n<p>Fatmir Xhafaj? Mendoj se ka nj\u00eb propabilitet q\u00ebe kjo t\u00eb ndodh\u00eb. Ai \u00ebsht\u00eb nj\u00eb njeri shum\u00eb serioz. Ka l\u00ebn\u00eb gjurm\u00eb kudo ku ka sh\u00ebrbyer. Mendoj se kjo \u00ebsht\u00eb e bukura e k\u00ebsaj gare, ku kushdo ka mund\u00ebsi t\u00eb thyej\u00eb her\u00ebsin.<\/p>","protected":false},"excerpt":{"rendered":"<p>Kryetari i Bashkis\u00eb s\u00eb Tiran\u00ebs, Erion Veliaj ka folur p\u00ebr Fax News p\u00ebr zgjedhjet parlamentare t\u00eb 25 prillit, n\u00eb cil\u00ebsin\u00eb e drejtuesit politik t\u00eb Partis\u00eb Socialiste n\u00eb Kryeqytet. Tema e par\u00eb p\u00ebr t\u00eb cil\u00ebn foli Veliaj ishin patronazhist\u00ebt. Ai tha se sistemi i patrionazhist\u00ebve \u00ebsht\u00eb nj\u00eb gj\u00eb krejt\u00ebsisht normal, por nj\u00eb gj\u00eb normale jan\u00eb struktura [&hellip;]<\/p>\n","protected":false},"author":2031,"featured_media":179740,"comment_status":"closed","ping_status":"closed","sticky":false,"template":"","format":"standard","meta":{"footnotes":""},"categories":[231,235],"tags":[312,369,329],"class_list":{"0":"post-179739","1":"post","2":"type-post","3":"status-publish","4":"format-standard","5":"has-post-thumbnail","7":"category-lajme","8":"category-vendi","9":"tag-lajme","10":"tag-veliaj","11":"tag-zjarr-tv"},"_links":{"self":[{"href":"https:\/\/zjarr.tv\/en\/wp-json\/wp\/v2\/posts\/179739","targetHints":{"allow":["GET"]}}],"collection":[{"href":"https:\/\/zjarr.tv\/en\/wp-json\/wp\/v2\/posts"}],"about":[{"href":"https:\/\/zjarr.tv\/en\/wp-json\/wp\/v2\/types\/post"}],"author":[{"embeddable":true,"href":"https:\/\/zjarr.tv\/en\/wp-json\/wp\/v2\/users\/2031"}],"replies":[{"embeddable":true,"href":"https:\/\/zjarr.tv\/en\/wp-json\/wp\/v2\/comments?post=179739"}],"version-history":[{"count":0,"href":"https:\/\/zjarr.tv\/en\/wp-json\/wp\/v2\/posts\/179739\/revisions"}],"wp:featuredmedia":[{"embeddable":true,"href":"https:\/\/zjarr.tv\/en\/wp-json\/wp\/v2\/media\/179740"}],"wp:attachment":[{"href":"https:\/\/zjarr.tv\/en\/wp-json\/wp\/v2\/media?parent=179739"}],"wp:term":[{"taxonomy":"category","embeddable":true,"href":"https:\/\/zjarr.tv\/en\/wp-json\/wp\/v2\/categories?post=179739"},{"taxonomy":"post_tag","embeddable":true,"href":"https:\/\/zjarr.tv\/en\/wp-json\/wp\/v2\/tags?post=179739"}],"curies":[{"name":"wp","href":"https:\/\/api.w.org\/{rel}","templated":true}]}}