{"id":179759,"date":"2021-04-27T07:06:12","date_gmt":"2021-04-27T05:06:12","guid":{"rendered":"https:\/\/zjarr.tv\/?p=179759"},"modified":"2021-04-27T07:06:12","modified_gmt":"2021-04-27T05:06:12","slug":"e-munda-per-here-te-9-te-edi-ramen-plasin-fishekzjarret-ne-diber-xhelal-mziu-i-papermbajtshem-pas-fitores-ndihem-shume-i-lumtur","status":"publish","type":"post","link":"https:\/\/zjarr.tv\/en\/e-munda-per-here-te-9-te-edi-ramen-plasin-fishekzjarret-ne-diber-xhelal-mziu-i-papermbajtshem-pas-fitores-ndihem-shume-i-lumtur\/","title":{"rendered":"\u201cE munda p\u00ebr her\u00eb t\u00eb 9-t\u00eb Edi Ram\u00ebn\u201d, plasin fishekzjarret n\u00eb Dib\u00ebr, Xhelal Mziu i \u2018pap\u00ebrmbajtsh\u00ebm\u2019 pas fitores: Ndihem shum\u00eb i lumtur"},"content":{"rendered":"<p>Demokrat\u00ebt e Dibr\u00ebs kan\u00eb festuar me entuziaz\u00ebm triumfin n\u00eb gar\u00ebn e ngusht\u00eb elektorale n\u00eb k\u00ebt\u00eb qark. Fill pas p\u00ebrfundimit t\u00eb procesit, simpatizant\u00ebt e PD-s\u00eb me n\u00eb krye drejtuesin politik Xhelal Mziu, kan\u00eb nisur fest\u00ebn p\u00ebr sigurimin e 3 mandateve kundrejt 2 t\u00eb socialist\u00ebve.<\/p>\n<p>N\u00eb nj\u00eb prononcim p\u00ebr media Mziu u shpreh se e mundi p\u00ebr her\u00eb t\u00eb n\u00ebnt\u00eb Edi Rama, madjes shtoi se n\u00ebse PS nuk do t\u00eb kishte bler\u00eb vota, Partia Demokratike do t\u00eb merrte mandatin e kat\u00ebrt.<\/p>\n<p>\u201dG\u00ebzim i jasht\u00ebzakonsh\u00ebm q\u00eb n\u00eb bashk\u00ebpunim me votuesit dhe qytetar\u00ebt e Dibr\u00ebs, Matit e Bulqiz\u00ebs t\u00eb marrim nj\u00eb fitore mjaft t\u00eb mir\u00eb e t\u00eb dhimbshme nga p\u00ebrpjekjet kriminale t\u00eb k\u00ebsaj qeevrie p\u00ebr t\u00eb tjet\u00ebrsuar votat.<\/p>\n<p>Ndihem shum\u00eb i lumtur q\u00eb e munda p\u00ebr her\u00eb t\u00eb 9-t\u00eb Edi Ram\u00ebn, dhe protagonist\u00ebt kryesor\u00eb ishin dibran\u00ebt. Fitorja i dedikohe \u00e7do fituesi q\u00eb votoi, q\u00eb votoi nr.9, ndryshimin.<\/p>\n<p>Kjo qeveri jo vet\u00ebm sot por \u00e7do dit\u00eb tentoi t\u00eb ndryshoj\u00eb vot\u00ebn, dhe ja ka arritur. Me frym\u00ebn q\u00eb u krijua n\u00eb k\u00ebto 3 muaj, duke shkuar n\u00eb \u00e7do qytet, fshat apo sht\u00ebpi, ishin t\u00eb gatsh\u00ebm p\u00ebr t\u00eb rr\u00ebzuar k\u00ebt\u00eb qeveri. pse jo dhe p\u00ebr t\u00eb marr\u00eb 4 mandatet, n\u00eb 10 dit\u00ebt e fundit u hodh n\u00eb ofensive p\u00ebr blerje-votash, shantazhe, dhe \u00e7do mjet p\u00ebr t\u00eb vjedhur fitoren e PD por nuk ja arriti.<\/p>\n<p>Shpresoj q\u00eb n\u00eb k\u00ebto pak or\u00eb p\u00ebr gjith\u00eb Shqip\u00ebrin\u00eb, t\u00eb trokas\u00eb shpresa, fitorja n\u00eb sht\u00ebpit\u00eb jo vet\u00ebm t\u00eb dibran\u00ebve, por \u00e7do shqiptari. \u00cbsht\u00eb e papranueshme t\u00eb kemi k\u00ebt\u00eb qeveri, q\u00eb e ka shpopulluar dhe papun\u00ebsi.<\/p>\n<p>Jam shpres\u00ebplot\u00eb nga votat e panum\u00ebruara dhe kjo qeveri duhet t\u00eb dal\u00eb n\u00eb opozit\u00eb, n\u00eb t\u00eb mir\u00eb t\u00eb shqiptar\u00ebve, duhet t\u00eb ik\u00eb kryeministri q\u00eb t\u00eb rikthehen ato gjysm\u00eb milion banor\u00eb n\u00eb Shqip\u00ebri.<\/p>\n<p>Do gjendet nj\u00eb zgjidhje, jam i bindur q\u00eb votat e qytetar\u00ebve do t\u00eb jen\u00eb n\u00eb kuti dhe do triumfoj\u00eb shpresa, numri 9, qeveria Basha q\u00eb ka jo vet\u00ebm platform\u00eb shpres\u00ebdh\u00ebn\u00ebse por \u00ebsht\u00eb koalicion m\u00eb i gjer\u00eb, p\u00ebr ta shp\u00ebtuar shtetin nga nj\u00eb qeveri moniste. Duhet t\u00eb marr\u00eb fund.\u201d- tha Mziu.<\/p>","protected":false},"excerpt":{"rendered":"<p>Demokrat\u00ebt e Dibr\u00ebs kan\u00eb festuar me entuziaz\u00ebm triumfin n\u00eb gar\u00ebn e ngusht\u00eb elektorale n\u00eb k\u00ebt\u00eb qark. Fill pas p\u00ebrfundimit t\u00eb procesit, simpatizant\u00ebt e PD-s\u00eb me n\u00eb krye drejtuesin politik Xhelal Mziu, kan\u00eb nisur fest\u00ebn p\u00ebr sigurimin e 3 mandateve kundrejt 2 t\u00eb socialist\u00ebve. N\u00eb nj\u00eb prononcim p\u00ebr media Mziu u shpreh se e mundi p\u00ebr [&hellip;]<\/p>\n","protected":false},"author":2031,"featured_media":179760,"comment_status":"closed","ping_status":"closed","sticky":false,"template":"","format":"standard","meta":{"footnotes":""},"categories":[231,235],"tags":[312,2626,329],"class_list":{"0":"post-179759","1":"post","2":"type-post","3":"status-publish","4":"format-standard","5":"has-post-thumbnail","7":"category-lajme","8":"category-vendi","9":"tag-lajme","10":"tag-xhelal-mziu","11":"tag-zjarr-tv"},"_links":{"self":[{"href":"https:\/\/zjarr.tv\/en\/wp-json\/wp\/v2\/posts\/179759","targetHints":{"allow":["GET"]}}],"collection":[{"href":"https:\/\/zjarr.tv\/en\/wp-json\/wp\/v2\/posts"}],"about":[{"href":"https:\/\/zjarr.tv\/en\/wp-json\/wp\/v2\/types\/post"}],"author":[{"embeddable":true,"href":"https:\/\/zjarr.tv\/en\/wp-json\/wp\/v2\/users\/2031"}],"replies":[{"embeddable":true,"href":"https:\/\/zjarr.tv\/en\/wp-json\/wp\/v2\/comments?post=179759"}],"version-history":[{"count":0,"href":"https:\/\/zjarr.tv\/en\/wp-json\/wp\/v2\/posts\/179759\/revisions"}],"wp:featuredmedia":[{"embeddable":true,"href":"https:\/\/zjarr.tv\/en\/wp-json\/wp\/v2\/media\/179760"}],"wp:attachment":[{"href":"https:\/\/zjarr.tv\/en\/wp-json\/wp\/v2\/media?parent=179759"}],"wp:term":[{"taxonomy":"category","embeddable":true,"href":"https:\/\/zjarr.tv\/en\/wp-json\/wp\/v2\/categories?post=179759"},{"taxonomy":"post_tag","embeddable":true,"href":"https:\/\/zjarr.tv\/en\/wp-json\/wp\/v2\/tags?post=179759"}],"curies":[{"name":"wp","href":"https:\/\/api.w.org\/{rel}","templated":true}]}}