{"id":179773,"date":"2021-04-27T07:17:32","date_gmt":"2021-04-27T05:17:32","guid":{"rendered":"https:\/\/zjarr.tv\/?p=179773"},"modified":"2021-04-27T07:17:32","modified_gmt":"2021-04-27T05:17:32","slug":"partise-socialiste-i-iken-nje-tjeter-mandat-lsi-hap-lojen-per-durresin","status":"publish","type":"post","link":"https:\/\/zjarr.tv\/en\/partise-socialiste-i-iken-nje-tjeter-mandat-lsi-hap-lojen-per-durresin\/","title":{"rendered":"Partis\u00eb Socialiste i ik\u00ebn nj\u00eb tjet\u00ebr mandat, LSI \u2018hap loj\u00ebn\u2019 p\u00ebr Durr\u00ebsin"},"content":{"rendered":"<p>L\u00ebvizja Socialiste p\u00ebr Integrim ka marr\u00eb nj\u00eb mandat deputeti n\u00eb Qarkun e Durr\u00ebsit, duke e \u00e7uar n\u00eb 6 numrin e mandateve t\u00eb k\u00ebsaj partie.<\/p>\n<p>N\u00eb k\u00ebt\u00eb m\u00ebnyr\u00eb, numri i mandateve t\u00eb Partis\u00eb Socialiste zbret n\u00eb 72.<\/p>\n<p>N\u00eb 481 kuti, jan\u00eb num\u00ebruar 314 prej tyre ku LSI ka marr\u00eb 6332 vota deri m\u00eb tani. N\u00ebse ky rezultat do t\u00eb thellohet, at\u00ebher\u00eb mandati i deputetit \u00ebsht\u00eb i sigurt.<\/p>\n<p>PS vijon t\u00eb jet\u00eb forc\u00eb e par\u00eb me nj\u00eb diferenc\u00eb votash krahasuar me PD, ku deri m\u00eb tani ka arritur q\u00eb t\u00eb marr\u00eb 49.82 % t\u00eb votave, p\u00ebr t\u2019u ndjekur nga PD me 41.60 %. Th\u00ebn\u00eb ndryshe e p\u00ebrkthyer n\u00eb mandate ndarja \u00ebsht\u00eb PS 7, PD 6 dhe LSI 1.<\/p>\n<p>Kujtojm\u00eb se procesi i num\u00ebrimit n\u00eb Durr\u00ebs nisi me 6 or\u00eb vones\u00eb p\u00ebr shkak t\u00eb mosmarr\u00ebveshjeve mes num\u00ebruesve.<\/p>","protected":false},"excerpt":{"rendered":"<p>L\u00ebvizja Socialiste p\u00ebr Integrim ka marr\u00eb nj\u00eb mandat deputeti n\u00eb Qarkun e Durr\u00ebsit, duke e \u00e7uar n\u00eb 6 numrin e mandateve t\u00eb k\u00ebsaj partie. N\u00eb k\u00ebt\u00eb m\u00ebnyr\u00eb, numri i mandateve t\u00eb Partis\u00eb Socialiste zbret n\u00eb 72. N\u00eb 481 kuti, jan\u00eb num\u00ebruar 314 prej tyre ku LSI ka marr\u00eb 6332 vota deri m\u00eb tani. N\u00ebse ky [&hellip;]<\/p>\n","protected":false},"author":2031,"featured_media":179774,"comment_status":"closed","ping_status":"closed","sticky":false,"template":"","format":"standard","meta":{"footnotes":""},"categories":[231,235],"tags":[2682,312,426,329],"class_list":{"0":"post-179773","1":"post","2":"type-post","3":"status-publish","4":"format-standard","5":"has-post-thumbnail","7":"category-lajme","8":"category-vendi","9":"tag-durresi","10":"tag-lajme","11":"tag-zgjedhje","12":"tag-zjarr-tv"},"_links":{"self":[{"href":"https:\/\/zjarr.tv\/en\/wp-json\/wp\/v2\/posts\/179773","targetHints":{"allow":["GET"]}}],"collection":[{"href":"https:\/\/zjarr.tv\/en\/wp-json\/wp\/v2\/posts"}],"about":[{"href":"https:\/\/zjarr.tv\/en\/wp-json\/wp\/v2\/types\/post"}],"author":[{"embeddable":true,"href":"https:\/\/zjarr.tv\/en\/wp-json\/wp\/v2\/users\/2031"}],"replies":[{"embeddable":true,"href":"https:\/\/zjarr.tv\/en\/wp-json\/wp\/v2\/comments?post=179773"}],"version-history":[{"count":0,"href":"https:\/\/zjarr.tv\/en\/wp-json\/wp\/v2\/posts\/179773\/revisions"}],"wp:featuredmedia":[{"embeddable":true,"href":"https:\/\/zjarr.tv\/en\/wp-json\/wp\/v2\/media\/179774"}],"wp:attachment":[{"href":"https:\/\/zjarr.tv\/en\/wp-json\/wp\/v2\/media?parent=179773"}],"wp:term":[{"taxonomy":"category","embeddable":true,"href":"https:\/\/zjarr.tv\/en\/wp-json\/wp\/v2\/categories?post=179773"},{"taxonomy":"post_tag","embeddable":true,"href":"https:\/\/zjarr.tv\/en\/wp-json\/wp\/v2\/tags?post=179773"}],"curies":[{"name":"wp","href":"https:\/\/api.w.org\/{rel}","templated":true}]}}