{"id":179782,"date":"2021-04-27T07:30:50","date_gmt":"2021-04-27T05:30:50","guid":{"rendered":"https:\/\/zjarr.tv\/?p=179782"},"modified":"2021-04-27T07:44:46","modified_gmt":"2021-04-27T05:44:46","slug":"pd-denoncon-perfaqesuesja-e-ps-po-shenonte-fletet-e-votimit-ka-shume-flete-te-pavlefshme","status":"publish","type":"post","link":"https:\/\/zjarr.tv\/en\/pd-denoncon-perfaqesuesja-e-ps-po-shenonte-fletet-e-votimit-ka-shume-flete-te-pavlefshme\/","title":{"rendered":"PD denoncon: P\u00ebrfaq\u00ebsuesja e PS po sh\u00ebnonte flet\u00ebt e votimit, ka shum\u00eb flet\u00eb t\u00eb pavlefshme\u2026"},"content":{"rendered":"<p>P\u00ebrfaq\u00ebsuesi i PD-s\u00eb, Aldo Bum\u00e7i, ka denoncuar faktin se nj\u00eb p\u00ebrfaq\u00ebsuese e PS gjat\u00eb num\u00ebrimit t\u00eb votave, ka sh\u00ebnuar flet\u00ebt e votimit me stilolaps, duke i kthyer ato n\u00eb t\u00eb pavlefshme.<\/p>\n<p>Bum\u00e7i ka ngritur shqet\u00ebsimin se n\u00eb k\u00ebto Zgjedhje, po dalin shum\u00eb vota t\u00eb pavlefshme, pasi sipas tij \u00ebsht\u00eb nj\u00eb rekord. Ai ka shtuar se shumica e votave t\u00eb pavlefshme, jan\u00eb t\u00eb Partis\u00eb Demokratike.<\/p>\n<p>Aldo Bum\u00e7i<em>: N\u00eb nj\u00eb tavolin\u00eb num\u00ebrimi vuri re q\u00eb p\u00ebrfaq\u00ebsuesja e PS sh\u00ebnonte flet\u00ebt e votimit. Kemi pamje filmike. Kemi 60 mij\u00eb flet\u00eb votimi t\u00eb pavlefshme. Besoj num\u00ebr rekord. Dhe jan\u00eb t\u00eb Partis\u00eb Demokratike. Ku \u00ebsht\u00eb p\u00ebr PD jan\u00eb mbizot\u00ebruese. K\u00ebrkon hetim dhe sqarim. Se mbizot\u00ebrojn\u00eb flet\u00ebt ku \u00ebsht\u00eb shprehu vullneti p\u00ebr PD. K\u00ebrkojm\u00eb pse ka ndodhur dhe ky \u00ebsht\u00eb rast p\u00ebr t&#8217;u sqaruar. Se jan\u00eb 60 mij\u00eb. Nuk \u00ebsht\u00eb arritur. Nj\u00eb nga shkaqet \u00ebsht\u00eb sh\u00ebnimi i flet\u00ebve t\u00eb pavlefshme. Isha brenda n\u00eb sall\u00eb. Nuk pati p\u00ebrplasje thjesht ka ndalim procesi t\u00eb num\u00ebrimit. Duhet t\u00eb shikohen kamerat dhe t\u00eb shikohen. Nuk ka qen\u00eb vullneti i votuesit por i takojn\u00eb opozit\u00ebs.<\/em><\/p>\n<p>Abc News, ka siguruar pamjet ku nj\u00eb p\u00ebrfaq\u00ebsuese e Partis\u00eb Socialiste shihet me vota dhe me nj\u00eb stilolaps n\u00eb dor\u00eb.\u00a0 Ajo \u00ebsht\u00eb denoncuar nga PD se po sh\u00ebnon mbi vota dhe n\u00eb k\u00ebt\u00eb m\u00ebnyr\u00eb i nxjerr t\u00eb pavlefshme.<\/p>\n<p>P\u00ebrfaq\u00ebsuesi i Partis\u00eb Demokratike, Aldo Bum\u00e7i ka denoncuar se nj\u00eb nga p\u00ebrfaq\u00ebsueset e Partis\u00eb Socialiste \u00ebsht\u00eb filmuar duke sh\u00ebnuar n\u00eb flet\u00ebt e votimit n\u00eb nj\u00ebsin\u00eb nr.1\u00a0 n\u00eb Tiran\u00eb. P\u00ebr k\u00ebt\u00eb arsye procesi i num\u00ebrimit \u00ebsht\u00eb ndalur deri n\u00eb sqarimin e k\u00ebtyre pretendimeve.<\/p>\n<p>&nbsp;<\/p>","protected":false},"excerpt":{"rendered":"<p>P\u00ebrfaq\u00ebsuesi i PD-s\u00eb, Aldo Bum\u00e7i, ka denoncuar faktin se nj\u00eb p\u00ebrfaq\u00ebsuese e PS gjat\u00eb num\u00ebrimit t\u00eb votave, ka sh\u00ebnuar flet\u00ebt e votimit me stilolaps, duke i kthyer ato n\u00eb t\u00eb pavlefshme. Bum\u00e7i ka ngritur shqet\u00ebsimin se n\u00eb k\u00ebto Zgjedhje, po dalin shum\u00eb vota t\u00eb pavlefshme, pasi sipas tij \u00ebsht\u00eb nj\u00eb rekord. Ai ka shtuar se [&hellip;]<\/p>\n","protected":false},"author":2016,"featured_media":179783,"comment_status":"closed","ping_status":"closed","sticky":false,"template":"","format":"standard","meta":{"footnotes":""},"categories":[241,1454],"tags":[2683],"class_list":{"0":"post-179782","1":"post","2":"type-post","3":"status-publish","4":"format-standard","5":"has-post-thumbnail","7":"category-aktualitet","8":"category-politike","9":"tag-lajme-zjarr-pd-denoncon-zjarr-tv"},"_links":{"self":[{"href":"https:\/\/zjarr.tv\/en\/wp-json\/wp\/v2\/posts\/179782","targetHints":{"allow":["GET"]}}],"collection":[{"href":"https:\/\/zjarr.tv\/en\/wp-json\/wp\/v2\/posts"}],"about":[{"href":"https:\/\/zjarr.tv\/en\/wp-json\/wp\/v2\/types\/post"}],"author":[{"embeddable":true,"href":"https:\/\/zjarr.tv\/en\/wp-json\/wp\/v2\/users\/2016"}],"replies":[{"embeddable":true,"href":"https:\/\/zjarr.tv\/en\/wp-json\/wp\/v2\/comments?post=179782"}],"version-history":[{"count":0,"href":"https:\/\/zjarr.tv\/en\/wp-json\/wp\/v2\/posts\/179782\/revisions"}],"wp:featuredmedia":[{"embeddable":true,"href":"https:\/\/zjarr.tv\/en\/wp-json\/wp\/v2\/media\/179783"}],"wp:attachment":[{"href":"https:\/\/zjarr.tv\/en\/wp-json\/wp\/v2\/media?parent=179782"}],"wp:term":[{"taxonomy":"category","embeddable":true,"href":"https:\/\/zjarr.tv\/en\/wp-json\/wp\/v2\/categories?post=179782"},{"taxonomy":"post_tag","embeddable":true,"href":"https:\/\/zjarr.tv\/en\/wp-json\/wp\/v2\/tags?post=179782"}],"curies":[{"name":"wp","href":"https:\/\/api.w.org\/{rel}","templated":true}]}}