{"id":179796,"date":"2021-04-27T07:52:10","date_gmt":"2021-04-27T05:52:10","guid":{"rendered":"https:\/\/zjarr.tv\/?p=179796"},"modified":"2021-04-27T07:54:45","modified_gmt":"2021-04-27T05:54:45","slug":"plas-sherri-live-tom-doshi-perplaset-me-gazetarin-robert-rakipllari","status":"publish","type":"post","link":"https:\/\/zjarr.tv\/en\/plas-sherri-live-tom-doshi-perplaset-me-gazetarin-robert-rakipllari\/","title":{"rendered":"Plas sherri LIVE\/ Tom Doshi p\u00ebrplaset me gazetarin Robert Rakipllari\u2026"},"content":{"rendered":"<p>Nj\u00eb p\u00ebrplasje e ashp\u00ebr, ka ndodhur mes gazetarit Robert Rakipllarit dhe kryetarit t\u00eb PSD-s\u00eb Tom Doshi. Rakipllari ishte i ftuar n\u00eb News 24 dhe s\u00eb bashku me t\u00eb ftuarit e tjer\u00eb, po flisnin p\u00ebr subjektet politike, por shpeshher\u00eb p\u00ebrmend\u00ebn edhe emrin e Tom Doshit. Ky i fundit, \u00ebsht\u00eb lidhur \u201clive\u201d me emsiionin n\u00eb nj\u00eb bised\u00eb telefonike, ku i ka th\u00ebn\u00eb Rakipllarit q\u00eb t\u00eb ket\u00eb turp q\u00eb \u00ebsht\u00eb marr\u00eb gjith\u00eb koh\u00ebn me emrin e tij.<\/p>\n<p>Nd\u00ebrkoh\u00eb gazetari i ka kujtuar Doshit q\u00eb \u00ebsht\u00eb \u201cnon-grata\u201d n\u00eb SHBA dhe i ka k\u00ebrkuar q\u00eb t\u00eb zgjidh\u00eb nj\u00ebher\u00eb mosmarr\u00ebveshjet me Amerik\u00ebn, por debati ka degraduar dhe kryetari i PSD-s\u00eb, ka p\u00ebrdorur edhe fjal\u00eb banale n\u00eb drejtim t\u00eb gazetarit, nd\u00ebrkoh\u00eb q\u00eb gazetari ka k\u00ebrkuar q\u00eb Doshit t\u2019i mbyllet telefonata.<\/p>\n<p><strong style=\"font-style: inherit;\">Tom Doshi:<\/strong>\u00a0<em style=\"font-weight: inherit;\">Ata dy burrat q\u00eb ke aty, po u del shum\u00eb pun\u00eb me emrin tim. Mua votat m\u2019i ka dh\u00ebn\u00eb populli, ka patur program PSD, ka patur kandidat\u00eb m\u00eb t\u00eb mir\u00eb sesa Thurja apo ata q\u00eb mendon ti. Mateni vendin mir\u00eb kur t\u00eb flisni sepse i kam marr\u00eb votat n\u00eb t\u00eb gjith\u00eb Shqip\u00ebrin\u00eb. T\u2019ju vij\u00eb turp t\u00eb dyve se keni edhe f\u00ebmij\u00eb dhe hidhni balt\u00eb kund\u00ebr meje. Xhelozia e Rakipllarit se ka humbur PD nuk justifikohet.<\/em><\/p>\n<p><strong style=\"font-style: inherit;\">Sokol Balla:<\/strong>\u00a0<em style=\"font-weight: inherit;\">Ju lutem pa ofendime personale. Komentet jan\u00eb politike<\/em><\/p>\n<p><strong style=\"font-style: inherit;\">Doshi:<\/strong>\u00a0<em style=\"font-weight: inherit;\">Mua m\u00eb ka votuar populli, kam marr\u00eb 30 mij\u00eb vota n\u00eb gjith\u00eb Shqip\u00ebrin\u00eb<\/em><\/p>\n<p><strong style=\"font-style: inherit;\">Rakipllari:<\/strong>\u00a0<em style=\"font-weight: inherit;\">Nuk ka asgj\u00eb personale<\/em><\/p>\n<p><strong style=\"font-style: inherit;\"> Doshi:<\/strong>\u00a0<em style=\"font-weight: inherit;\">Ti e ke personale<\/em><\/p>\n<p><strong style=\"font-style: inherit;\">Rakipllari:<\/strong>\u00a0<em style=\"font-weight: inherit;\">Nuk kam asgj\u00eb personale. Ju keni marr\u00eb vota\u2026<\/em><\/p>\n<p><strong style=\"font-style: inherit;\">Doshi:<\/strong>\u00a0<em style=\"font-weight: inherit;\">Ju s\u2019t\u00eb lini rehat. Ju keni patur frik\u00eb t\u00eb hapni ekranin p\u00ebr mua<\/em><\/p>\n<p><strong style=\"font-style: inherit;\">Rakipllari:<\/strong>\u00a0<em style=\"font-weight: inherit;\">Po t\u00eb gjykoj si kryetar partie.<\/em><\/p>\n<p><strong style=\"font-style: inherit;\">Doshi:<\/strong>\u00a0<em style=\"font-weight: inherit;\">Ke gjith\u00eb dit\u00ebn q\u00eb merresh me ermin tim. Turp t\u00eb kesh<\/em><\/p>\n<p><strong style=\"font-style: inherit;\">Rakipllari:<\/strong>\u00a0<em style=\"font-weight: inherit;\">Foli ambasadores amerikane p\u00ebr t\u00eb tjerat. Merru me at\u00eb dhe jo me mua.<\/em><\/p>\n<p><strong style=\"font-style: inherit;\">Doshi:<\/strong>\u00a0<em style=\"font-weight: inherit;\">\u00c7\u2019lidhje ka ambasadorja amerikane? Un\u00eb jam m\u00eb i past\u00ebr si ty. Do e gjej t\u00eb drejt\u00ebn edhe n\u00eb Amerik\u00eb. As kam marr\u00eb tendera si tha Lubonja, un\u00eb i kam patur kund\u00ebr t\u00eb gjitha forcat. T\u2019ju vij\u00eb zor q\u00eb p\u00ebrgojoni. Dihet se kush jam un\u00eb. Jam p\u00ebrballur me drejt\u00ebsin\u00eb k\u00ebtu dhe do t\u00eb p\u00ebrballem edhe n\u00eb Amerik\u00eb.<\/em><\/p>\n<p><strong style=\"font-style: inherit;\">Balla:<\/strong>\u00a0<em style=\"font-weight: inherit;\">Pse e dhe dor\u00ebheqjen?<\/em><\/p>\n<p><strong style=\"font-style: inherit;\">Doshi:<\/strong>\u00a0<em style=\"font-weight: inherit;\">E dhash\u00eb dor\u00ebheqjen q\u00eb t\u00eb jem qytetar i lir\u00eb.<\/em><\/p>\n<p><strong style=\"font-style: inherit;\">Rakipllari:<\/strong>\u00a0<em style=\"font-weight: inherit;\">Ti je nj\u00eb person i shpallur non-grata nga SHBA. Se blen 2-3 vota k\u00ebtu mos kujto se je shum\u00eb i fort\u00eb. Sokol ndaloje k\u00ebt\u00eb telefonat\u00eb. Je non-grata zot\u00ebri. Sokol, ndaloje telefonat\u00ebn, zgjidhe me SHBA dhe pastaj me mua.<\/em><\/p>","protected":false},"excerpt":{"rendered":"<p>Nj\u00eb p\u00ebrplasje e ashp\u00ebr, ka ndodhur mes gazetarit Robert Rakipllarit dhe kryetarit t\u00eb PSD-s\u00eb Tom Doshi. Rakipllari ishte i ftuar n\u00eb News 24 dhe s\u00eb bashku me t\u00eb ftuarit e tjer\u00eb, po flisnin p\u00ebr subjektet politike, por shpeshher\u00eb p\u00ebrmend\u00ebn edhe emrin e Tom Doshit. Ky i fundit, \u00ebsht\u00eb lidhur \u201clive\u201d me emsiionin n\u00eb nj\u00eb bised\u00eb [&hellip;]<\/p>\n","protected":false},"author":2016,"featured_media":179798,"comment_status":"closed","ping_status":"closed","sticky":false,"template":"","format":"standard","meta":{"footnotes":""},"categories":[241],"tags":[2685],"class_list":{"0":"post-179796","1":"post","2":"type-post","3":"status-publish","4":"format-standard","5":"has-post-thumbnail","7":"category-aktualitet","8":"tag-lajme-zjarr-doshi-perplaset-me-robert-rakipllari-zjarr-tv"},"_links":{"self":[{"href":"https:\/\/zjarr.tv\/en\/wp-json\/wp\/v2\/posts\/179796","targetHints":{"allow":["GET"]}}],"collection":[{"href":"https:\/\/zjarr.tv\/en\/wp-json\/wp\/v2\/posts"}],"about":[{"href":"https:\/\/zjarr.tv\/en\/wp-json\/wp\/v2\/types\/post"}],"author":[{"embeddable":true,"href":"https:\/\/zjarr.tv\/en\/wp-json\/wp\/v2\/users\/2016"}],"replies":[{"embeddable":true,"href":"https:\/\/zjarr.tv\/en\/wp-json\/wp\/v2\/comments?post=179796"}],"version-history":[{"count":0,"href":"https:\/\/zjarr.tv\/en\/wp-json\/wp\/v2\/posts\/179796\/revisions"}],"wp:featuredmedia":[{"embeddable":true,"href":"https:\/\/zjarr.tv\/en\/wp-json\/wp\/v2\/media\/179798"}],"wp:attachment":[{"href":"https:\/\/zjarr.tv\/en\/wp-json\/wp\/v2\/media?parent=179796"}],"wp:term":[{"taxonomy":"category","embeddable":true,"href":"https:\/\/zjarr.tv\/en\/wp-json\/wp\/v2\/categories?post=179796"},{"taxonomy":"post_tag","embeddable":true,"href":"https:\/\/zjarr.tv\/en\/wp-json\/wp\/v2\/tags?post=179796"}],"curies":[{"name":"wp","href":"https:\/\/api.w.org\/{rel}","templated":true}]}}