{"id":179805,"date":"2021-04-27T08:10:37","date_gmt":"2021-04-27T06:10:37","guid":{"rendered":"https:\/\/zjarr.tv\/?p=179805"},"modified":"2021-04-27T08:10:37","modified_gmt":"2021-04-27T06:10:37","slug":"departamenti-amerikan-i-shtetit-reagon-per-zgjedhjet-ne-shqiperi","status":"publish","type":"post","link":"https:\/\/zjarr.tv\/en\/departamenti-amerikan-i-shtetit-reagon-per-zgjedhjet-ne-shqiperi\/","title":{"rendered":"Departamenti Amerikan i Shtetit reagon p\u00ebr Zgjedhjet n\u00eb Shqip\u00ebri\u2026"},"content":{"rendered":"<p>Shtetet e Bashkuara presin nga kandidat\u00ebt dhe udh\u00ebheq\u00ebsit (e Shqip\u00ebris\u00eb) q\u00eb t\u00eb pranojn\u00eb vendimin e votuesve kur t\u00eb p\u00ebrfundoj\u00eb num\u00ebrimi i votave,\u201d tha p\u00ebr Z\u00ebrin e Amerik\u00ebs nj\u00eb z\u00ebdh\u00ebn\u00ebs i Departamentit amerikan t\u00eb Shtetit, lidhur me zgjedhjet e s\u00eb diel\u00ebs.<\/p>\n<p>Duke p\u00ebrg\u00ebzuar qytetar\u00ebt e Shqip\u00ebris\u00eb p\u00ebr pjes\u00ebmarrjen aktive n\u00eb zgjedhje, z\u00ebdh\u00ebn\u00ebsi thekson shpres\u00ebn p\u00ebr \u201cnj\u00eb certifikim t\u00eb shpejt\u00eb, efi\u00e7ent dhe t\u00eb plot\u00eb t\u00eb rezultateve nga zyrtar\u00ebt e zgjedhjeve\u201d.<\/p>\n<p>\u201cNe mb\u00ebshtesim misionin v\u00ebzhgues t\u00eb OSBE\/ODIHR-it n\u00eb Shqip\u00ebri. Shtetet e Bashkuara mir\u00ebpresin bashk\u00ebpunimin me qeverin\u00eb e dale nga zgjedhjet,\u201d shton m\u00eb tej z\u00ebdh\u00ebn\u00ebsi i Departamentit t\u00eb Shtetit, duke n\u00ebnvizuar se Shtetet e Bashkuara do t\u00eb vazhdojn\u00eb t\u00eb mb\u00ebshtesin Shqip\u00ebrin\u00eb n\u00eb rrug\u00ebn e saj p\u00ebr t\u00eb forcuar demokracin\u00eb, p\u00ebrfshir\u00eb shtetin ligjor, p\u00ebrgjegjshm\u00ebrin\u00eb n\u00eb qeverisje dhe reformat n\u00eb drejt\u00ebsi.<\/p>\n<p>\u201cSi\u00e7 e ka b\u00ebr\u00eb t\u00eb qart\u00eb ambasadorja (Yuri Kim), Shtetet e Bashkuara mb\u00ebshtesin proceset demokratike dhe jo ndonj\u00eb kandidat apo parti specifike,\u201d tha n\u00eb komentet p\u00ebr Z\u00ebrin e Amerik\u00ebs z\u00ebdh\u00ebn\u00ebsi i Departamentit t\u00eb Shtetit.<\/p>","protected":false},"excerpt":{"rendered":"<p>Shtetet e Bashkuara presin nga kandidat\u00ebt dhe udh\u00ebheq\u00ebsit (e Shqip\u00ebris\u00eb) q\u00eb t\u00eb pranojn\u00eb vendimin e votuesve kur t\u00eb p\u00ebrfundoj\u00eb num\u00ebrimi i votave,\u201d tha p\u00ebr Z\u00ebrin e Amerik\u00ebs nj\u00eb z\u00ebdh\u00ebn\u00ebs i Departamentit amerikan t\u00eb Shtetit, lidhur me zgjedhjet e s\u00eb diel\u00ebs. Duke p\u00ebrg\u00ebzuar qytetar\u00ebt e Shqip\u00ebris\u00eb p\u00ebr pjes\u00ebmarrjen aktive n\u00eb zgjedhje, z\u00ebdh\u00ebn\u00ebsi thekson shpres\u00ebn p\u00ebr \u201cnj\u00eb [&hellip;]<\/p>\n","protected":false},"author":2016,"featured_media":179807,"comment_status":"closed","ping_status":"closed","sticky":false,"template":"","format":"standard","meta":{"footnotes":""},"categories":[241],"tags":[2687],"class_list":{"0":"post-179805","1":"post","2":"type-post","3":"status-publish","4":"format-standard","5":"has-post-thumbnail","7":"category-aktualitet","8":"tag-lajme-zjarr-zgjedhjet-ne-shqiperi-zjarr-tv"},"_links":{"self":[{"href":"https:\/\/zjarr.tv\/en\/wp-json\/wp\/v2\/posts\/179805","targetHints":{"allow":["GET"]}}],"collection":[{"href":"https:\/\/zjarr.tv\/en\/wp-json\/wp\/v2\/posts"}],"about":[{"href":"https:\/\/zjarr.tv\/en\/wp-json\/wp\/v2\/types\/post"}],"author":[{"embeddable":true,"href":"https:\/\/zjarr.tv\/en\/wp-json\/wp\/v2\/users\/2016"}],"replies":[{"embeddable":true,"href":"https:\/\/zjarr.tv\/en\/wp-json\/wp\/v2\/comments?post=179805"}],"version-history":[{"count":0,"href":"https:\/\/zjarr.tv\/en\/wp-json\/wp\/v2\/posts\/179805\/revisions"}],"wp:featuredmedia":[{"embeddable":true,"href":"https:\/\/zjarr.tv\/en\/wp-json\/wp\/v2\/media\/179807"}],"wp:attachment":[{"href":"https:\/\/zjarr.tv\/en\/wp-json\/wp\/v2\/media?parent=179805"}],"wp:term":[{"taxonomy":"category","embeddable":true,"href":"https:\/\/zjarr.tv\/en\/wp-json\/wp\/v2\/categories?post=179805"},{"taxonomy":"post_tag","embeddable":true,"href":"https:\/\/zjarr.tv\/en\/wp-json\/wp\/v2\/tags?post=179805"}],"curies":[{"name":"wp","href":"https:\/\/api.w.org\/{rel}","templated":true}]}}