{"id":179808,"date":"2021-04-27T08:19:15","date_gmt":"2021-04-27T06:19:15","guid":{"rendered":"https:\/\/zjarr.tv\/?p=179808"},"modified":"2021-04-27T08:19:15","modified_gmt":"2021-04-27T06:19:15","slug":"kush-do-i-fitoje-zgjedhjet-blendi-fevziu-tregon-skenarin-shpresoj-qe-rama-te-jape-doreheqjen","status":"publish","type":"post","link":"https:\/\/zjarr.tv\/en\/kush-do-i-fitoje-zgjedhjet-blendi-fevziu-tregon-skenarin-shpresoj-qe-rama-te-jape-doreheqjen\/","title":{"rendered":"Kush do i fitoj\u00eb Zgjedhjet? Blendi Fevziu tregon skenarin: Shpresoj q\u00eb Rama t\u00eb jap\u00eb dor\u00ebheqjen\u2026"},"content":{"rendered":"<p>Gazetari Blendi Fevziu, ka komentuar zgjedhjet e 25 Prillit dhe rezultatet e mundshme t\u00eb tyre, n\u00eb nj\u00eb koh\u00eb kur vazhdon ende num\u00ebrimi.<\/p>\n<p>Ai foli edhe mbi mund\u00ebsit\u00eb e nj\u00eb qeverisjeje t\u00eb p\u00ebrbashk\u00ebt. Nd\u00ebr t\u00eb tjera Fevziu tha, se n\u00ebse nj\u00eb prej forcave do t\u00eb kishte 71 mandate do t\u00eb ishte e papranueshme t\u00eb formohej nj\u00eb qeveri me baz\u00eb t\u00eb gjer\u00eb, pasi kjo do e linte vendin pa opozit\u00eb.<\/p>\n<p><em style=\"font-weight: inherit;\">\u201cN\u00ebse Rama ka 70 mandate e posht\u00eb shpresoj q\u00eb ta mbaj\u00eb fjal\u00ebn q\u00eb t\u00eb largohet. N\u00ebse Rama ka 71 vota e lart, i takon t\u00eb b\u00ebj\u00eb qeverin\u00eb. N\u00eb k\u00ebt\u00eb aspekt, e vetmja gj\u00eb q\u00eb un\u00eb mund t\u00eb komentoj sot se pa mbaruar num\u00ebrimi nuk komentoj, \u00ebsht\u00eb q\u00eb n\u00eb gjykimin tim n\u00ebse dalin 70 me 70 mund t\u00eb kishte sens nj\u00eb koalicion i gjer\u00eb. N\u00ebse nj\u00ebra prej forcave politike, ose nj\u00eb grupim, se k\u00ebtu po fus PD e LSI bashk\u00eb dhe PS m\u00eb vete do ken\u00eb m\u00eb shum\u00eb se 70 vota, pra 71 vota, p\u00ebr mua \u00ebsht\u00eb e papranueshme, \u00ebsht\u00eb q\u00eb t\u00eb nd\u00ebrtohet nj\u00eb qeveri e p\u00ebrbashk\u00ebt sepse e le vendin pa opozit\u00eb n\u00eb momentin ku ka nevoj\u00eb m\u00eb shum\u00eb se kurr\u00eb p\u00ebr opozit\u00eb dhe opozit\u00eb t\u00eb fort\u00eb.<\/em><\/p>\n<p><em style=\"font-weight: inherit;\"> Kush merr 71 vota t\u00eb nd\u00ebrtoj\u00eb qeverin\u00eb, kush merr m\u00eb pak t\u00eb q\u00ebndroj\u00eb n\u00eb opozit\u00eb. Nj\u00eb gj\u00eb \u00ebsht\u00eb. Shpresoj q\u00eb Rama e mban premtimin. Basha nuk u shpreh kur ku pyet p\u00ebr humbjen, por besoj se edhe p\u00ebr Bash\u00ebn \u00ebsht\u00eb e v\u00ebshtir\u00eb t\u00eb vazhdoj\u00eb nj\u00eb mandat t\u00eb tret\u00eb si opozit\u00eb n\u00ebse Rama mbetet n\u00eb pushtet. Kjo \u00ebsht\u00eb nj\u00eb \u00e7\u00ebshtje q\u00eb nuk \u00ebsht\u00eb p\u00ebr sot. Sot duhet t\u00eb shohim sa del rezultati\u201d<\/em>, tha Fevziu gjat\u00eb nj\u00eb interviste n\u00eb Klan News.<\/p>","protected":false},"excerpt":{"rendered":"<p>Gazetari Blendi Fevziu, ka komentuar zgjedhjet e 25 Prillit dhe rezultatet e mundshme t\u00eb tyre, n\u00eb nj\u00eb koh\u00eb kur vazhdon ende num\u00ebrimi. Ai foli edhe mbi mund\u00ebsit\u00eb e nj\u00eb qeverisjeje t\u00eb p\u00ebrbashk\u00ebt. Nd\u00ebr t\u00eb tjera Fevziu tha, se n\u00ebse nj\u00eb prej forcave do t\u00eb kishte 71 mandate do t\u00eb ishte e papranueshme t\u00eb formohej nj\u00eb [&hellip;]<\/p>\n","protected":false},"author":2016,"featured_media":179810,"comment_status":"closed","ping_status":"closed","sticky":false,"template":"","format":"standard","meta":{"footnotes":""},"categories":[241],"tags":[2688],"class_list":{"0":"post-179808","1":"post","2":"type-post","3":"status-publish","4":"format-standard","5":"has-post-thumbnail","7":"category-aktualitet","8":"tag-lajme-zjarr-blendi-fevziu-tregon-skenarin-zjarr-tv"},"_links":{"self":[{"href":"https:\/\/zjarr.tv\/en\/wp-json\/wp\/v2\/posts\/179808","targetHints":{"allow":["GET"]}}],"collection":[{"href":"https:\/\/zjarr.tv\/en\/wp-json\/wp\/v2\/posts"}],"about":[{"href":"https:\/\/zjarr.tv\/en\/wp-json\/wp\/v2\/types\/post"}],"author":[{"embeddable":true,"href":"https:\/\/zjarr.tv\/en\/wp-json\/wp\/v2\/users\/2016"}],"replies":[{"embeddable":true,"href":"https:\/\/zjarr.tv\/en\/wp-json\/wp\/v2\/comments?post=179808"}],"version-history":[{"count":0,"href":"https:\/\/zjarr.tv\/en\/wp-json\/wp\/v2\/posts\/179808\/revisions"}],"wp:featuredmedia":[{"embeddable":true,"href":"https:\/\/zjarr.tv\/en\/wp-json\/wp\/v2\/media\/179810"}],"wp:attachment":[{"href":"https:\/\/zjarr.tv\/en\/wp-json\/wp\/v2\/media?parent=179808"}],"wp:term":[{"taxonomy":"category","embeddable":true,"href":"https:\/\/zjarr.tv\/en\/wp-json\/wp\/v2\/categories?post=179808"},{"taxonomy":"post_tag","embeddable":true,"href":"https:\/\/zjarr.tv\/en\/wp-json\/wp\/v2\/tags?post=179808"}],"curies":[{"name":"wp","href":"https:\/\/api.w.org\/{rel}","templated":true}]}}