{"id":179811,"date":"2021-04-27T08:24:02","date_gmt":"2021-04-27T06:24:02","guid":{"rendered":"https:\/\/zjarr.tv\/?p=179811"},"modified":"2021-04-27T08:24:02","modified_gmt":"2021-04-27T06:24:02","slug":"nje-fletevotimi-teper-pezullohet-numerimi-ne-kzaz-23-ne-durres","status":"publish","type":"post","link":"https:\/\/zjarr.tv\/en\/nje-fletevotimi-teper-pezullohet-numerimi-ne-kzaz-23-ne-durres\/","title":{"rendered":"Nj\u00eb flet\u00ebvotimi tep\u00ebr\/ Pezullohet num\u00ebrimi n\u00eb KZAZ 23 n\u00eb Durr\u00ebs\u2026"},"content":{"rendered":"<p style=\"line-height: 19.5pt; background: white; vertical-align: baseline; margin: 0in 0in 12.0pt 0in;\"><span style=\"color: black;\">M\u00ebsohet se \u00ebsht\u00eb pezulluar\u00a0num\u00ebrimi i votave n\u00eb KZAZ 23 n\u00eb Durr\u00ebs, me k\u00ebrkes\u00eb t\u00eb pjes\u00ebtar\u00ebve t\u00eb grupeve t\u00eb num\u00ebrimit t\u00eb votave.<\/span><\/p>\n<p style=\"line-height: 19.5pt; background: white; vertical-align: baseline; box-sizing: border-box; font-variant-ligatures: normal; font-variant-caps: normal; orphans: 2; text-align: start; widows: 2; -webkit-text-stroke-width: 0px; list-style-position: outside; word-spacing: 0px; margin: 0in 0in 12.0pt 0in;\"><span style=\"color: black;\">Sipas BW, n\u00eb procesverbalin e mbajtur pas mbylljet s\u00eb votimit m\u00eb 25 prill, kan\u00eb rezultuar 314 vota, nd\u00ebrkoh\u00eb q\u00eb gjat\u00eb num\u00ebrimit n\u00eb kuti kan\u00eb qen\u00eb 315 vota.<\/span><\/p>\n<p style=\"line-height: 19.5pt; background: white; vertical-align: baseline; margin: 0in 0in 12.0pt 0in;\"><span style=\"color: black;\">P\u00ebr k\u00ebt\u00eb arsye, \u00ebsht\u00eb njoftuar dhe KZAZ dhe jan\u00eb kryer veprimet p\u00ebrkat\u00ebse, duke hapur dhe kutin\u00eb e materialeve zgjedhore p\u00ebr t\u00eb verifikuar ndonj\u00eb sh\u00ebnim t\u00eb mundsh\u00ebm, por nuk ka pasur. Grupet e pun\u00ebs kan\u00eb b\u00ebr\u00eb ankimim tek kryetari i KQZ-s\u00eb.<\/span><\/p>","protected":false},"excerpt":{"rendered":"<p>M\u00ebsohet se \u00ebsht\u00eb pezulluar\u00a0num\u00ebrimi i votave n\u00eb KZAZ 23 n\u00eb Durr\u00ebs, me k\u00ebrkes\u00eb t\u00eb pjes\u00ebtar\u00ebve t\u00eb grupeve t\u00eb num\u00ebrimit t\u00eb votave. Sipas BW, n\u00eb procesverbalin e mbajtur pas mbylljet s\u00eb votimit m\u00eb 25 prill, kan\u00eb rezultuar 314 vota, nd\u00ebrkoh\u00eb q\u00eb gjat\u00eb num\u00ebrimit n\u00eb kuti kan\u00eb qen\u00eb 315 vota. P\u00ebr k\u00ebt\u00eb arsye, \u00ebsht\u00eb njoftuar dhe KZAZ [&hellip;]<\/p>\n","protected":false},"author":2016,"featured_media":179813,"comment_status":"closed","ping_status":"closed","sticky":false,"template":"","format":"standard","meta":{"footnotes":""},"categories":[241],"tags":[2689],"class_list":{"0":"post-179811","1":"post","2":"type-post","3":"status-publish","4":"format-standard","5":"has-post-thumbnail","7":"category-aktualitet","8":"tag-lajme-zjarr-nje-fletevotimi-teper-zjarr-tv"},"_links":{"self":[{"href":"https:\/\/zjarr.tv\/en\/wp-json\/wp\/v2\/posts\/179811","targetHints":{"allow":["GET"]}}],"collection":[{"href":"https:\/\/zjarr.tv\/en\/wp-json\/wp\/v2\/posts"}],"about":[{"href":"https:\/\/zjarr.tv\/en\/wp-json\/wp\/v2\/types\/post"}],"author":[{"embeddable":true,"href":"https:\/\/zjarr.tv\/en\/wp-json\/wp\/v2\/users\/2016"}],"replies":[{"embeddable":true,"href":"https:\/\/zjarr.tv\/en\/wp-json\/wp\/v2\/comments?post=179811"}],"version-history":[{"count":0,"href":"https:\/\/zjarr.tv\/en\/wp-json\/wp\/v2\/posts\/179811\/revisions"}],"wp:featuredmedia":[{"embeddable":true,"href":"https:\/\/zjarr.tv\/en\/wp-json\/wp\/v2\/media\/179813"}],"wp:attachment":[{"href":"https:\/\/zjarr.tv\/en\/wp-json\/wp\/v2\/media?parent=179811"}],"wp:term":[{"taxonomy":"category","embeddable":true,"href":"https:\/\/zjarr.tv\/en\/wp-json\/wp\/v2\/categories?post=179811"},{"taxonomy":"post_tag","embeddable":true,"href":"https:\/\/zjarr.tv\/en\/wp-json\/wp\/v2\/tags?post=179811"}],"curies":[{"name":"wp","href":"https:\/\/api.w.org\/{rel}","templated":true}]}}