{"id":179824,"date":"2021-04-27T09:07:06","date_gmt":"2021-04-27T07:07:06","guid":{"rendered":"https:\/\/zjarr.tv\/?p=179824"},"modified":"2021-04-27T09:07:06","modified_gmt":"2021-04-27T07:07:06","slug":"partia-demokratike-kryeson-shkodren","status":"publish","type":"post","link":"https:\/\/zjarr.tv\/en\/partia-demokratike-kryeson-shkodren\/","title":{"rendered":"Partia Demokratike kryeson Shkodr\u00ebn\u2026"},"content":{"rendered":"<p style=\"margin-top: 0in; background: white;\"><span style=\"color: #212529;\">N\u00eb qarkun e Shkodr\u00ebs, po num\u00ebrohen 9 kutit\u00eb e fundit n\u00eb lidhje me subjektet politike. Sipas t\u00eb dh\u00ebnave t\u00eb Komisionit Qendror t\u00eb zgjedhjeve, nga 411 kuti jan\u00eb num\u00ebruar 402 kuti dhe deri m\u00eb tani forc\u00eb e par\u00eb politike n\u00eb k\u00ebt\u00eb qark, \u00ebsht\u00eb Partia Demokratike.<\/span><\/p>\n<p style=\"margin-top: 0in; background: white; box-sizing: border-box; margin-bottom: 1rem; font-variant-ligatures: normal; font-variant-caps: normal; orphans: 2; widows: 2; -webkit-text-stroke-width: 0px; text-decoration-thickness: initial; text-decoration-style: initial; text-decoration-color: initial; word-spacing: 0px;\"><span style=\"color: #212529;\">T\u00eb dh\u00ebnat tregojn\u00eb se Partia Demokratike, kryeson me\u00a0 46\u00a0217 vota ose 43.94 % t\u00eb votave e ndjekur m\u00eb pas me 28.40 % ose\u00a0 29\u00a0877 vota p\u00ebr Partin\u00eb Socialiste dhe deri m\u00eb tani LSI ka arritur q\u00eb t\u00eb grumbulloj\u00eb 9.03 %.<\/span><\/p>\n<p style=\"margin-top: 0in; background: white; box-sizing: border-box; margin-bottom: 1rem; font-variant-ligatures: normal; font-variant-caps: normal; orphans: 2; widows: 2; -webkit-text-stroke-width: 0px; text-decoration-thickness: initial; text-decoration-style: initial; text-decoration-color: initial; word-spacing: 0px;\"><span style=\"color: #212529;\">Partia e Tom Doshit, PSD ka qen\u00eb dhe surpriza e k\u00ebtyre zgjedhjeve ku deri m\u00eb tani ka arritur q\u00eb t\u00eb grupoj\u00eb 15.11 % t\u00eb votave.<\/span><\/p>","protected":false},"excerpt":{"rendered":"<p>N\u00eb qarkun e Shkodr\u00ebs, po num\u00ebrohen 9 kutit\u00eb e fundit n\u00eb lidhje me subjektet politike. Sipas t\u00eb dh\u00ebnave t\u00eb Komisionit Qendror t\u00eb zgjedhjeve, nga 411 kuti jan\u00eb num\u00ebruar 402 kuti dhe deri m\u00eb tani forc\u00eb e par\u00eb politike n\u00eb k\u00ebt\u00eb qark, \u00ebsht\u00eb Partia Demokratike. T\u00eb dh\u00ebnat tregojn\u00eb se Partia Demokratike, kryeson me\u00a0 46\u00a0217 vota ose [&hellip;]<\/p>\n","protected":false},"author":2016,"featured_media":179826,"comment_status":"closed","ping_status":"closed","sticky":false,"template":"","format":"standard","meta":{"footnotes":""},"categories":[241,1454],"tags":[2693],"class_list":{"0":"post-179824","1":"post","2":"type-post","3":"status-publish","4":"format-standard","5":"has-post-thumbnail","7":"category-aktualitet","8":"category-politike","9":"tag-lajme-zjarr-pd-kryeson-shkodren-zjarr-tv"},"_links":{"self":[{"href":"https:\/\/zjarr.tv\/en\/wp-json\/wp\/v2\/posts\/179824","targetHints":{"allow":["GET"]}}],"collection":[{"href":"https:\/\/zjarr.tv\/en\/wp-json\/wp\/v2\/posts"}],"about":[{"href":"https:\/\/zjarr.tv\/en\/wp-json\/wp\/v2\/types\/post"}],"author":[{"embeddable":true,"href":"https:\/\/zjarr.tv\/en\/wp-json\/wp\/v2\/users\/2016"}],"replies":[{"embeddable":true,"href":"https:\/\/zjarr.tv\/en\/wp-json\/wp\/v2\/comments?post=179824"}],"version-history":[{"count":0,"href":"https:\/\/zjarr.tv\/en\/wp-json\/wp\/v2\/posts\/179824\/revisions"}],"wp:featuredmedia":[{"embeddable":true,"href":"https:\/\/zjarr.tv\/en\/wp-json\/wp\/v2\/media\/179826"}],"wp:attachment":[{"href":"https:\/\/zjarr.tv\/en\/wp-json\/wp\/v2\/media?parent=179824"}],"wp:term":[{"taxonomy":"category","embeddable":true,"href":"https:\/\/zjarr.tv\/en\/wp-json\/wp\/v2\/categories?post=179824"},{"taxonomy":"post_tag","embeddable":true,"href":"https:\/\/zjarr.tv\/en\/wp-json\/wp\/v2\/tags?post=179824"}],"curies":[{"name":"wp","href":"https:\/\/api.w.org\/{rel}","templated":true}]}}