{"id":179855,"date":"2021-04-27T11:02:13","date_gmt":"2021-04-27T09:02:13","guid":{"rendered":"https:\/\/zjarr.tv\/?p=179855"},"modified":"2021-04-27T11:02:13","modified_gmt":"2021-04-27T09:02:13","slug":"niko-peleshi-ne-korce-u-shtrij-doren-kundershtareve-politike","status":"publish","type":"post","link":"https:\/\/zjarr.tv\/en\/niko-peleshi-ne-korce-u-shtrij-doren-kundershtareve-politike\/","title":{"rendered":"Niko Peleshi n\u00eb Kor\u00e7\u00eb: U shtrij dor\u00ebn kund\u00ebrshtar\u00ebve politik\u00eb\u2026"},"content":{"rendered":"<p>Ministri i mbrojtjes, Niko Peleshi ka shpallur sot fitoren n\u00eb qarkun e Kor\u00e7\u00ebs duke u shfaqur tep\u00ebr i entuziazmuar p\u00ebr \u201cfitoren e thell\u00eb t\u00eb PS n\u00eb k\u00ebt\u00eb qark\u201d- sic e konsideroi ai. Peleshi ka fal\u00ebnderuar t\u00eb gjith\u00eb kandidat\u00ebt e partis\u00eb socialiste p\u00ebr pun\u00ebn e b\u00ebr\u00eb dhe gjithashtu qytetar\u00ebt t\u00eb cil\u00ebt sipas tij duke votuar p\u00ebr rezultatin 6-5 t\u00eb mandateve, kan\u00eb treguar qytetari.<\/p>\n<p>Ministri tha gjithashtu se tashm\u00eb pas sigurimit t\u00eb fitores, duhet t\u2019u shtrijn\u00eb dor\u00ebn p\u00ebr bashk\u00ebpunim edhe kund\u00ebrshat\u00ebve politik\u00eb pasi edhe ata \u201cjan\u00eb shum\u00eb t\u00eb r\u00ebndi\u00ebsish\u00ebm\u201d theksoi ai.<\/p>\n<p>\u201cNuk pres dot m\u00eb sepse nuk m\u00eb durohet q\u00eb t\u00eb ndaj me t\u00eb gjith\u00eb qytetar\u00ebt e Korc\u00ebs dhe t\u00eb gjtih\u00eb Shqip\u00ebris\u00eb, se partia Socialiste ka fituar bindsh\u00ebm n\u00eb Korc\u00eb sicv ka fituar n\u00eb t\u00eb gjith\u00eb vendin. Ka fituar bindsh\u00ebm me rreth 10 mij\u00eb vota m\u00eb shum\u00eb se PD, kemi mbajtur t\u00eb nj\u00ebjt\u00ebn diferenc\u00eb votash me koalicionin opozitar. Ka nj\u00eb vot\u00eb qytetare, sepse modeli i fitores 6 me 5 \u00ebsht\u00eb nj\u00eb fiore e bukur.<\/p>\n<p>Ne edhe kur nuk fitojm\u00eb dime t\u00eb lexojm\u00eb \u00e7do vot\u00eb q\u00eb nuk e kemi pasur n\u00eb favorin ton\u00eb.<br \/>\nUn\u00eb zotohem se nga sot, s\u00eb bashku me t\u00eb gjith\u00eb an\u00ebtar\u00ebt e PS, do t\u00eb lexojm\u00eb cdo vot\u00eb q\u00eb kemi marr\u00eb. Jemi me m\u00eb shum\u00eb se 2700 vota plus k\u00ebtu n\u00eb Maliq. Jemi 3000 vota p\u00ebrpara n\u00eb Pogradec, jemi p\u00ebrpara shum\u00eb n\u00eb Kolonj\u00eb, me fotore prej 53%.<\/p>\n<p>Kemi nj\u00eb fitore t\u00eb jasht\u00ebzakonshme, por kjo nuk shpallet nga ana ime me eufori por me p\u00ebrul\u00ebsi. Sapo fillon nj\u00eb mandat i r\u00ebndsish\u00ebm n\u00eb k\u00ebt\u00eb qark, k\u00ebrkon shum\u00eb pun\u00eb.. Fitorja k\u00ebrkon shum\u00eb pun\u00eb tanim\u00eb, dhe fal\u00ebnderoj t\u00eb gjith\u00eb t\u00eb rinjt\u00eb q\u00eb otuan modelin e duhur, duke votuar 6 me 5 dhe jo me 6, 4, 1. U shtrij dor\u00ebn kund\u00ebrshtar\u00ebve tan\u00eb politik, edhe pse nj\u00eb opozit\u00eb, ata ja\u00eb shum\u00eb t\u00eb r\u00ebnd\u00ebsish\u00ebm n\u00eb pun\u00ebn q\u00eb b\u00ebjn\u00eb.<br \/>\nFalnderoj p\u00ebr pun\u00ebn e palodhur t\u00eb kandidat\u00ebve t\u00eb PS n\u00eb qarkun e Kor\u00e7\u00ebs.<\/p>\n<p>Jemi nj\u00eb ekip n\u00eb sh\u00ebrbimin tuaj, nuk kemi nevoj\u00eb vet\u00ebm p\u00ebr mazhoranc\u00eb , por edhe p\u00ebr opozit\u00eb, ndaj ju shtri dor\u00ebn p\u00ebr bashk\u00ebpunim t\u00eb gjith\u00eb kund\u00ebrshat\u00ebve tan\u00eb politike\u201d- u shpreh Peleshi.<\/p>\n<p>&nbsp;<\/p>","protected":false},"excerpt":{"rendered":"<p>Ministri i mbrojtjes, Niko Peleshi ka shpallur sot fitoren n\u00eb qarkun e Kor\u00e7\u00ebs duke u shfaqur tep\u00ebr i entuziazmuar p\u00ebr \u201cfitoren e thell\u00eb t\u00eb PS n\u00eb k\u00ebt\u00eb qark\u201d- sic e konsideroi ai. Peleshi ka fal\u00ebnderuar t\u00eb gjith\u00eb kandidat\u00ebt e partis\u00eb socialiste p\u00ebr pun\u00ebn e b\u00ebr\u00eb dhe gjithashtu qytetar\u00ebt t\u00eb cil\u00ebt sipas tij duke votuar p\u00ebr [&hellip;]<\/p>\n","protected":false},"author":2016,"featured_media":179857,"comment_status":"closed","ping_status":"closed","sticky":false,"template":"","format":"standard","meta":{"footnotes":""},"categories":[241],"tags":[2701],"class_list":{"0":"post-179855","1":"post","2":"type-post","3":"status-publish","4":"format-standard","5":"has-post-thumbnail","7":"category-aktualitet","8":"tag-lajme-zjarr-niko-peleshi-ne-korce-zjarr-tv"},"_links":{"self":[{"href":"https:\/\/zjarr.tv\/en\/wp-json\/wp\/v2\/posts\/179855","targetHints":{"allow":["GET"]}}],"collection":[{"href":"https:\/\/zjarr.tv\/en\/wp-json\/wp\/v2\/posts"}],"about":[{"href":"https:\/\/zjarr.tv\/en\/wp-json\/wp\/v2\/types\/post"}],"author":[{"embeddable":true,"href":"https:\/\/zjarr.tv\/en\/wp-json\/wp\/v2\/users\/2016"}],"replies":[{"embeddable":true,"href":"https:\/\/zjarr.tv\/en\/wp-json\/wp\/v2\/comments?post=179855"}],"version-history":[{"count":0,"href":"https:\/\/zjarr.tv\/en\/wp-json\/wp\/v2\/posts\/179855\/revisions"}],"wp:featuredmedia":[{"embeddable":true,"href":"https:\/\/zjarr.tv\/en\/wp-json\/wp\/v2\/media\/179857"}],"wp:attachment":[{"href":"https:\/\/zjarr.tv\/en\/wp-json\/wp\/v2\/media?parent=179855"}],"wp:term":[{"taxonomy":"category","embeddable":true,"href":"https:\/\/zjarr.tv\/en\/wp-json\/wp\/v2\/categories?post=179855"},{"taxonomy":"post_tag","embeddable":true,"href":"https:\/\/zjarr.tv\/en\/wp-json\/wp\/v2\/tags?post=179855"}],"curies":[{"name":"wp","href":"https:\/\/api.w.org\/{rel}","templated":true}]}}