{"id":179865,"date":"2021-04-27T11:28:06","date_gmt":"2021-04-27T09:28:06","guid":{"rendered":"https:\/\/zjarr.tv\/?p=179865"},"modified":"2021-04-27T11:28:06","modified_gmt":"2021-04-27T09:28:06","slug":"ja-dhe-sa-vota-i-duhen-pandeli-majkos-ne-tirane-qe-te-shpallet-deputet","status":"publish","type":"post","link":"https:\/\/zjarr.tv\/en\/ja-dhe-sa-vota-i-duhen-pandeli-majkos-ne-tirane-qe-te-shpallet-deputet\/","title":{"rendered":"Ja dhe sa vota i duhen Pandeli Majkos n\u00eb Tiran\u00eb, q\u00eb t\u00eb shpallet deputet\u2026"},"content":{"rendered":"<p style=\"background: white; vertical-align: baseline; margin: 0in 0in 15.0pt 0in;\"><span style=\"color: #333333;\">Procesi i num\u00ebrimit n\u00eb Qarkun e Tiran\u00ebs, po shkon drejt p\u00ebrfundimit. Deri m\u00eb tani PS ka 18 deputet\u00eb, PD 15 deputet\u00eb, LSI 2 dhe PSD 1.<\/span><\/p>\n<p style=\"background: white; vertical-align: baseline; box-sizing: border-box; font-variant-ligatures: normal; font-variant-caps: normal; font-variant-numeric: inherit; font-variant-east-asian: inherit; font-stretch: inherit; line-height: inherit; text-rendering: optimizelegibility; orphans: 2; text-align: start; widows: 2; -webkit-text-stroke-width: 0px; text-decoration-thickness: initial; text-decoration-style: initial; text-decoration-color: initial; word-spacing: 0px; margin: 0in 0in 15.0pt 0in;\"><span style=\"color: #333333;\">PS tashm\u00eb po diskuton n\u00eb Tiran\u00eb marrjen e mandatit t\u00eb 19-t\u00eb, q\u00eb p\u00ebrkon me Pandeli Majkon.<\/span><\/p>\n<p style=\"background: white; vertical-align: baseline; box-sizing: border-box; font-variant-ligatures: normal; font-variant-caps: normal; font-variant-numeric: inherit; font-variant-east-asian: inherit; font-stretch: inherit; line-height: inherit; text-rendering: optimizelegibility; orphans: 2; text-align: start; widows: 2; -webkit-text-stroke-width: 0px; text-decoration-thickness: initial; text-decoration-style: initial; text-decoration-color: initial; word-spacing: 0px; margin: 0in 0in 15.0pt 0in;\"><span style=\"color: #333333;\"> <iframe loading=\"lazy\" id=\"aswift_0\" style=\"box-sizing: border-box; height: 280px; left: 0px; position: absolute; top: 0px; vertical-align: baseline; width: 750px; border-width: 0px; padding: 0px; margin: 0px;\" src=\"https:\/\/googleads.g.doubleclick.net\/pagead\/ads?client=ca-pub-4949125196392759&amp;output=html&amp;h=280&amp;slotname=9993924142&amp;adk=2825047008&amp;adf=2539725435&amp;pi=t.ma~as.9993924142&amp;w=750&amp;fwrn=4&amp;fwrnh=100&amp;rafmt=1&amp;psa=1&amp;format=750x280&amp;url=https%3A%2F%2Fwww.poezidashurie.net%2Flovepoems%2F&amp;flash=0&amp;fwr=0&amp;rpe=1&amp;resp_fmts=3&amp;wgl=1&amp;uach=WyJXaW5kb3dzIiwiMTAuMCIsIng4NiIsIiIsIjg5LjAuNDM4OS4xMjgiLFtdXQ..&amp;tt_state=W3siaXNzdWVyT3JpZ2luIjoiaHR0cHM6Ly9hZHNlcnZpY2UuZ29vZ2xlLmNvbSIsInN0YXRlIjo1fSx7Imlzc3Vlck9yaWdpbiI6Imh0dHBzOi8vYXR0ZXN0YXRpb24uYW5kcm9pZC5jb20iLCJzdGF0ZSI6N31d&amp;dt=1619515252782&amp;bpp=11&amp;bdt=1004&amp;idt=253&amp;shv=r20210422&amp;cbv=r20190131&amp;ptt=9&amp;saldr=aa&amp;abxe=1&amp;cookie=ID%3D0c7b01b3f00ae644-22a34cc311b9004d%3AT%3D1603804429%3ART%3D1603804429%3AS%3DALNI_MZLkqQQqPnchM8lp5IDf2b5Etf3XA&amp;correlator=2552582728611&amp;frm=20&amp;pv=2&amp;ga_vid=725957224.1596447363&amp;ga_sid=1619515253&amp;ga_hid=492780222&amp;ga_fc=1&amp;u_tz=120&amp;u_his=1&amp;u_java=0&amp;u_h=1024&amp;u_w=1280&amp;u_ah=984&amp;u_aw=1280&amp;u_cd=24&amp;u_nplug=3&amp;u_nmime=4&amp;adx=62&amp;ady=1108&amp;biw=1263&amp;bih=824&amp;scr_x=0&amp;scr_y=0&amp;eid=42530671%2C31060742%2C21067496%2C21065724&amp;oid=3&amp;pvsid=3984451088618221&amp;pem=650&amp;ref=https%3A%2F%2Fl.facebook.com%2F&amp;loc=https%3A%2F%2Fwww.lajme.al%2Fndodhet-ne-vijen-e-zjarrit-ja-dhe-sa-vota-i-duhen-pandeli-majkos-ne-tirane-qe-te-shpallet-deputet%2F%3Ffbclid%3DIwAR3w8fAv5HXUD2BfmXCoY5AIdGZrseoaM8Fu7rBxR5NghXe5EI3CwjelHcY&amp;eae=0&amp;fc=896&amp;brdim=0%2C0%2C0%2C0%2C1280%2C0%2C1280%2C984%2C1280%2C824&amp;vis=1&amp;rsz=%7C%7CeEbr%7C&amp;abl=CS&amp;pfx=0&amp;fu=128&amp;bc=31&amp;ifi=1&amp;uci=a!1&amp;btvi=1&amp;fsb=1&amp;xpc=1xDixlYuxk&amp;p=https%3A\/\/www.lajme.al&amp;dtd=277\" name=\"aswift_0\" width=\"750\" height=\"280\" frameborder=\"0\" marginwidth=\"0\" marginheight=\"0\" scrolling=\"no\" sandbox=\"allow-forms allow-popups allow-popups-to-escape-sandbox allow-same-origin allow-scripts allow-top-navigation-by-user-activation\" allowfullscreen=\"allowfullscreen\" data-google-container-id=\"a!1\" data-google-query-id=\"CL69qoCMnvACFZnHuwgdENII9A\" data-load-complete=\"true\" data-mce-fragment=\"1\"><\/iframe> Kan\u00eb mbetur pa u num\u00ebruar votat e nj\u00ebsis\u00eb 5, q\u00eb cil\u00ebsohet si bastioni i PS-s\u00eb, apo dhe \u201chambari i votave\u201d t\u00eb PS-s\u00eb. Kjo nj\u00ebsi \u00ebsht\u00eb zona ku Majko ka qen\u00eb edhe deputeti q\u00eb ka b\u00ebr\u00eb fushat\u00ebn e tij.<\/span><\/p>\n<p style=\"background: white; vertical-align: baseline; box-sizing: border-box; font-variant-ligatures: normal; font-variant-caps: normal; font-variant-numeric: inherit; font-variant-east-asian: inherit; font-stretch: inherit; line-height: inherit; text-rendering: optimizelegibility; orphans: 2; text-align: start; widows: 2; -webkit-text-stroke-width: 0px; text-decoration-thickness: initial; text-decoration-style: initial; text-decoration-color: initial; word-spacing: 0px; margin: 0in 0in 15.0pt 0in;\"><span style=\"color: #333333;\">Sipas llogaritjes s\u00eb votave, PS-s\u00eb i nevojitet edhe 1 mij\u00eb vota m\u00eb tep\u00ebr n\u00eb m\u00ebnyr\u00eb q\u00eb ta ket\u00eb t\u00eb sigurt mandatin e 19-t\u00eb. N\u00ebse kjo realizohet, at\u00ebher\u00eb nj\u00eb mandat i deputetit i ik\u00ebn Partis\u00eb Demokratike.<\/span><\/p>","protected":false},"excerpt":{"rendered":"<p>Procesi i num\u00ebrimit n\u00eb Qarkun e Tiran\u00ebs, po shkon drejt p\u00ebrfundimit. Deri m\u00eb tani PS ka 18 deputet\u00eb, PD 15 deputet\u00eb, LSI 2 dhe PSD 1. PS tashm\u00eb po diskuton n\u00eb Tiran\u00eb marrjen e mandatit t\u00eb 19-t\u00eb, q\u00eb p\u00ebrkon me Pandeli Majkon. Kan\u00eb mbetur pa u num\u00ebruar votat e nj\u00ebsis\u00eb 5, q\u00eb cil\u00ebsohet si bastioni [&hellip;]<\/p>\n","protected":false},"author":2016,"featured_media":179867,"comment_status":"closed","ping_status":"closed","sticky":false,"template":"","format":"standard","meta":{"footnotes":""},"categories":[241,1454],"tags":[2703],"class_list":{"0":"post-179865","1":"post","2":"type-post","3":"status-publish","4":"format-standard","5":"has-post-thumbnail","7":"category-aktualitet","8":"category-politike","9":"tag-lajme-zjarr-pandeli-majko-zjarr-tv"},"_links":{"self":[{"href":"https:\/\/zjarr.tv\/en\/wp-json\/wp\/v2\/posts\/179865","targetHints":{"allow":["GET"]}}],"collection":[{"href":"https:\/\/zjarr.tv\/en\/wp-json\/wp\/v2\/posts"}],"about":[{"href":"https:\/\/zjarr.tv\/en\/wp-json\/wp\/v2\/types\/post"}],"author":[{"embeddable":true,"href":"https:\/\/zjarr.tv\/en\/wp-json\/wp\/v2\/users\/2016"}],"replies":[{"embeddable":true,"href":"https:\/\/zjarr.tv\/en\/wp-json\/wp\/v2\/comments?post=179865"}],"version-history":[{"count":0,"href":"https:\/\/zjarr.tv\/en\/wp-json\/wp\/v2\/posts\/179865\/revisions"}],"wp:featuredmedia":[{"embeddable":true,"href":"https:\/\/zjarr.tv\/en\/wp-json\/wp\/v2\/media\/179867"}],"wp:attachment":[{"href":"https:\/\/zjarr.tv\/en\/wp-json\/wp\/v2\/media?parent=179865"}],"wp:term":[{"taxonomy":"category","embeddable":true,"href":"https:\/\/zjarr.tv\/en\/wp-json\/wp\/v2\/categories?post=179865"},{"taxonomy":"post_tag","embeddable":true,"href":"https:\/\/zjarr.tv\/en\/wp-json\/wp\/v2\/tags?post=179865"}],"curies":[{"name":"wp","href":"https:\/\/api.w.org\/{rel}","templated":true}]}}