{"id":179871,"date":"2021-04-27T11:57:49","date_gmt":"2021-04-27T09:57:49","guid":{"rendered":"https:\/\/zjarr.tv\/?p=179871"},"modified":"2021-04-27T11:58:25","modified_gmt":"2021-04-27T09:58:25","slug":"mustafaj-ne-shqiperi-eshte-instaluar-sistemi-i-frikes-rama-tha-shkoni-votoni-sepse-ne-dime-gjithcka-beni-partia-e-tom-doshit-nuk-perfaqeson-asnje-gje","status":"publish","type":"post","link":"https:\/\/zjarr.tv\/en\/mustafaj-ne-shqiperi-eshte-instaluar-sistemi-i-frikes-rama-tha-shkoni-votoni-sepse-ne-dime-gjithcka-beni-partia-e-tom-doshit-nuk-perfaqeson-asnje-gje\/","title":{"rendered":"Mustafaj: N\u00eb Shqip\u00ebri \u00ebsht\u00eb instaluar sistemi i frik\u00ebs, Rama tha \u201cshkoni votoni sepse n\u00eb dim\u00eb gjith\u00e7ka b\u00ebni\u201d, partia e Tom Doshit nuk p\u00ebrfaq\u00ebson asnj\u00eb gj\u00eb\u2026"},"content":{"rendered":"<p>\u201cShkoni votoni sepse n\u00eb dim\u00eb gjith\u00e7ka b\u00ebni\u201d,\u00a0k\u00ebshtu tha Edi Rama n\u00eb fjalimin e tij elektoral t\u00eb zhvilluar me patronazhist\u00ebt, t\u00eb cil\u00ebn Mustafaj e sheh si nj\u00eb sistem frike t\u00eb instaluar n\u00eb vend.<\/p>\n<p>Analisti Besnik Mustafaj, n\u00eb studion e ABC ka komentuar edhe Zgjedhjet Parlamentare t\u00eb 25 Prillit 2021. P\u00ebr analistin, n\u00eb Shqip\u00ebri \u00ebsht\u00eb instaluar sistemi i frik\u00ebs, duke u kthyer n\u00eb nj\u00eb problem shum\u00eb t\u00eb madh. Gjat\u00eb fjal\u00ebs s\u00eb tij, ai theksoi se Partia Demokratike n\u00eb k\u00ebto vite arriti t\u00eb rekuperoj\u00eb abstenimet e simpatizant\u00ebve t\u00eb saj, por nuk arriti sipas tij t\u00eb krijoj\u00eb nj\u00eb frym\u00eb p\u00ebr t\u00eb sjell\u00eb fitore.<\/p>\n<p>\u201cPD gjendet p\u00ebrpara kat\u00ebr vitesh shum\u00eb t\u00eb v\u00ebshtira. E gjith\u00eb Shqip\u00ebria gjendet para 4 viteve shum\u00eb t\u00eb v\u00ebshtira. PD rekuperoi n\u00eb nj\u00eb mas\u00eb shum\u00eb t\u00eb madhe abstenimet e simpatizant\u00ebve t\u00eb saj , por nuk arriti t\u00eb krijoj\u00eb frym\u00eb. Por p\u00ebr mua nuk mund t\u00eb gjykohet vet\u00ebm fushata, por edhe lideri. Lideri \u00ebsht\u00eb p\u00ebrgjegj\u00ebsi kryesor nj\u00eb filozofin\u00eb e partive popullore t\u00eb qendr\u00ebs s\u00eb djatht\u00eb.<\/p>\n<p>Sot ne nuk arrit\u00ebm t\u00eb krijojm\u00eb nj\u00eb frym\u00eb. Un\u00eb si democrat, pres q\u00eb t\u00eb ngrej\u00eb frym\u00ebn t\u00eb m\u00eb \u00e7oj\u00eb n\u00eb fitore. Ne jemi n\u00eb rrethanat ku nuk ekziston vota kund\u00ebr. Pra nuk ka nj\u00eb shoq\u00ebri t\u00eb lir\u00eb q\u00eb voton kund\u00ebr. N\u00eb pam\u00eb q\u00eb vota mori Tom Doshi, \u00e7far\u00eb p\u00ebrfaq\u00ebson Partia e Tom Doshit p\u00ebr t\u00eb pak\u00ebnaqurit , asnj\u00eb gj\u00eb. Pra nuk u votua kund\u00ebr, por vet\u00ebm, pro\u201d, tha Mustafaj.<\/p>\n<p>K\u00ebrkesa e Ram\u00ebs p\u00ebr bashk\u00ebpunim?<\/p>\n<p>Mustafaj: Opozita e sotme shkon n\u00eb Parlament shum\u00eb m\u00eb e fort\u00eb dhe kjo \u00ebsht\u00eb me r\u00ebnd\u00ebsi p\u00ebr opozit\u00ebn. T\u00eb gjitha hipokrizit\u00eb e Edi Ram\u00ebs nuk q\u00ebndrojn\u00eb sepse gjat\u00eb 8 viteve i q\u00ebndroi fjal\u00ebve t\u00eb tij kur tha se nuk keni par\u00eb gj\u00eb akoma. Mustafaj tha se shqet\u00ebsim mbetet fakti se p\u00ebrve\u00e7se ka policin\u00eb n\u00eb dor\u00eb, prokurorin\u00eb ka edhe dhe Gjykat\u00ebn. \u201cRoli politik \u00ebsht\u00eb t\u00eb shkosh n\u00eb parlament dhe t\u00eb nxjerr\u00ebsh m\u00ebsime n\u00eb hapat e gabuara q\u00eb jan\u00eb hedhur. Karrigia bosh i sh\u00ebrben kund\u00ebrshtarit politik\u201d,\u00a0tha Mustafaj.<\/p>\n<p>&nbsp;<\/p>","protected":false},"excerpt":{"rendered":"<p>\u201cShkoni votoni sepse n\u00eb dim\u00eb gjith\u00e7ka b\u00ebni\u201d,\u00a0k\u00ebshtu tha Edi Rama n\u00eb fjalimin e tij elektoral t\u00eb zhvilluar me patronazhist\u00ebt, t\u00eb cil\u00ebn Mustafaj e sheh si nj\u00eb sistem frike t\u00eb instaluar n\u00eb vend. Analisti Besnik Mustafaj, n\u00eb studion e ABC ka komentuar edhe Zgjedhjet Parlamentare t\u00eb 25 Prillit 2021. P\u00ebr analistin, n\u00eb Shqip\u00ebri \u00ebsht\u00eb instaluar sistemi [&hellip;]<\/p>\n","protected":false},"author":2016,"featured_media":179873,"comment_status":"closed","ping_status":"closed","sticky":false,"template":"","format":"standard","meta":{"footnotes":""},"categories":[241],"tags":[2705],"class_list":{"0":"post-179871","1":"post","2":"type-post","3":"status-publish","4":"format-standard","5":"has-post-thumbnail","7":"category-aktualitet","8":"tag-lajme-zjarr-flet-besnik-mustafaj-zjarr-tv"},"_links":{"self":[{"href":"https:\/\/zjarr.tv\/en\/wp-json\/wp\/v2\/posts\/179871","targetHints":{"allow":["GET"]}}],"collection":[{"href":"https:\/\/zjarr.tv\/en\/wp-json\/wp\/v2\/posts"}],"about":[{"href":"https:\/\/zjarr.tv\/en\/wp-json\/wp\/v2\/types\/post"}],"author":[{"embeddable":true,"href":"https:\/\/zjarr.tv\/en\/wp-json\/wp\/v2\/users\/2016"}],"replies":[{"embeddable":true,"href":"https:\/\/zjarr.tv\/en\/wp-json\/wp\/v2\/comments?post=179871"}],"version-history":[{"count":0,"href":"https:\/\/zjarr.tv\/en\/wp-json\/wp\/v2\/posts\/179871\/revisions"}],"wp:featuredmedia":[{"embeddable":true,"href":"https:\/\/zjarr.tv\/en\/wp-json\/wp\/v2\/media\/179873"}],"wp:attachment":[{"href":"https:\/\/zjarr.tv\/en\/wp-json\/wp\/v2\/media?parent=179871"}],"wp:term":[{"taxonomy":"category","embeddable":true,"href":"https:\/\/zjarr.tv\/en\/wp-json\/wp\/v2\/categories?post=179871"},{"taxonomy":"post_tag","embeddable":true,"href":"https:\/\/zjarr.tv\/en\/wp-json\/wp\/v2\/tags?post=179871"}],"curies":[{"name":"wp","href":"https:\/\/api.w.org\/{rel}","templated":true}]}}