{"id":179874,"date":"2021-04-27T12:10:47","date_gmt":"2021-04-27T10:10:47","guid":{"rendered":"https:\/\/zjarr.tv\/?p=179874"},"modified":"2021-04-27T12:11:16","modified_gmt":"2021-04-27T10:11:16","slug":"humbja-e-vv-elvis-hoxha-shperthen-ndaj-qytetareve-qe-e-votuan-edi-ramen","status":"publish","type":"post","link":"https:\/\/zjarr.tv\/en\/humbja-e-vv-elvis-hoxha-shperthen-ndaj-qytetareve-qe-e-votuan-edi-ramen\/","title":{"rendered":"Humbja e VV\/ Elvis Hoxha shp\u00ebrthen ndaj qytetar\u00ebve q\u00eb e votuan Edi Ram\u00ebn\u2026"},"content":{"rendered":"<p>Elvis Hoxha i Vet\u00ebvendosjes, ka reaguar sot pas rezultatit zhg\u00ebnjyes t\u00eb kandidat\u00ebve t\u00eb VV-s\u00eb, n\u00eb Zgjedhjet e 25 Prillit n\u00eb Shqip\u00ebri. Pavar\u00ebsisht mb\u00ebshtetjes s\u00eb hapur q\u00eb e b\u00ebri p\u00ebr ta Kryeministri Kurti, asnj\u00ebri prej tre kandidat\u00ebve t\u00eb VV-s\u00eb, nuk ka siguruar votat p\u00ebr t\u00eb qen\u00eb deputet n\u00eb Kuvendin e Shqip\u00ebris\u00eb. Kjo ka irrituar \u00a0Elvis Hoxh\u00ebn, nj\u00eb nd\u00ebr aktivist\u00ebt e njohur t\u00eb Vet\u00ebvendosjes n\u00eb Shqip\u00ebri.<\/p>\n<p>Hoxha i ka quajtur qytetar\u00ebt shqiptar\u00eb si \u201cnjer\u00ebz parapolitik\u00eb\u201d, derisa u ka l\u00ebn\u00eb fajin p\u00ebr situat\u00ebn e keqe politike n\u00eb vend.<\/p>\n<p><strong>Statusi i plot\u00eb:<\/strong><\/p>\n<p>Shet vot\u00ebn dhe menj\u00ebher\u00eb niset n\u00eb Franc\u00eb dhe k\u00ebrkon azil. M\u00eb thot\u00eb se k\u00ebtu nuk jetohet, pastaj voton p\u00ebr Ram\u00ebn. M\u00eb thot\u00eb se ky qytet \u00ebsht\u00eb fjetore, por voton p\u00ebr ata q\u00eb e shkat\u00ebrruan k\u00ebt\u00eb vend me nd\u00ebrtime. M\u00eb thot\u00eb se n\u00eb k\u00ebt\u00eb vend nuk ka ku ta kalosh koh\u00ebn ve\u00e7 lokalit, por nuk erdhi kurr\u00eb t\u00eb mbroj\u00eb teatrin. M\u00eb thot\u00eb se po largohen t\u00ebr\u00eb t\u00eb rinjt\u00eb, por pastaj voton pa iu dridhur qerpiku hajdut\u00ebt. M\u00eb thot\u00eb se nuk ka zgjedhje tjet\u00ebr, ngaq\u00eb vet\u00ebm k\u00ebto partit\u00eb e vjetra jan\u00eb, por kur lindin parti t\u00eb reja, natyrisht q\u00eb p\u00ebrs\u00ebri voton p\u00ebr t\u00eb vjetrat.<\/p>\n<p>M\u00eb thot\u00eb se n\u00eb 4 vitet e fundit pagesa n\u00eb fatur\u00ebn e ujit \u00ebsht\u00eb rritur 220%, por prap\u00eb voton nj\u00ebsoj. M\u00eb thot\u00eb se vjedhja e t\u00eb dh\u00ebnave t\u00eb qytetar\u00ebve \u00ebsht\u00eb katastrof\u00eb, por p\u00ebrs\u00ebri ia jep vot\u00ebn atyre q\u00eb vodh\u00ebn t\u00eb dh\u00ebnat. M\u00eb thot\u00eb se jeton me pun\u00eb t\u00eb ndershme, por p\u00ebrs\u00ebri ia jep vot\u00ebn atij q\u00eb grabit pasurin\u00eb publike.<\/p>\n<p>M\u00eb thot\u00eb se nuk kishte mund\u00ebsi ta sh\u00ebronte v\u00ebllan\u00eb n\u00eb Turqi, por kur shiti vot\u00ebn e harroi v\u00ebllan\u00eb. \u00c7\u2019\u00ebsht\u00eb njeriu parapolitik: Ai q\u00eb nuk vjedh vet\u00eb, por i jep hajdutit vot\u00ebn. Ai q\u00eb nuk mendon se po i prish pun\u00eb vetes me vot\u00ebn e vet. Ai q\u00eb mendon se p\u00ebr rr\u00ebnimin e madh e kan\u00eb fajin t\u00eb tjer\u00ebt, por jo ai vet\u00eb. Ai q\u00eb mendon se t\u00eb rinjt\u00eb natyrsh\u00ebm kan\u00eb lindur p\u00ebr t\u00eb jetuar diku tjet\u00ebr, por jo n\u00eb atdheun e tyre. Ai q\u00eb mendon se k\u00ebtu drejtojn\u00eb t\u00eb huajt dhe jo ai vet\u00eb. E k\u00ebshtu me radh\u00eb\u2026<\/p>\n<p>&nbsp;<\/p>","protected":false},"excerpt":{"rendered":"<p>Elvis Hoxha i Vet\u00ebvendosjes, ka reaguar sot pas rezultatit zhg\u00ebnjyes t\u00eb kandidat\u00ebve t\u00eb VV-s\u00eb, n\u00eb Zgjedhjet e 25 Prillit n\u00eb Shqip\u00ebri. Pavar\u00ebsisht mb\u00ebshtetjes s\u00eb hapur q\u00eb e b\u00ebri p\u00ebr ta Kryeministri Kurti, asnj\u00ebri prej tre kandidat\u00ebve t\u00eb VV-s\u00eb, nuk ka siguruar votat p\u00ebr t\u00eb qen\u00eb deputet n\u00eb Kuvendin e Shqip\u00ebris\u00eb. Kjo ka irrituar \u00a0Elvis Hoxh\u00ebn, [&hellip;]<\/p>\n","protected":false},"author":2016,"featured_media":179876,"comment_status":"closed","ping_status":"closed","sticky":false,"template":"","format":"standard","meta":{"footnotes":""},"categories":[241],"tags":[2706],"class_list":{"0":"post-179874","1":"post","2":"type-post","3":"status-publish","4":"format-standard","5":"has-post-thumbnail","7":"category-aktualitet","8":"tag-lajme-zjarr-humbja-e-vv-zjarr-tv"},"_links":{"self":[{"href":"https:\/\/zjarr.tv\/en\/wp-json\/wp\/v2\/posts\/179874","targetHints":{"allow":["GET"]}}],"collection":[{"href":"https:\/\/zjarr.tv\/en\/wp-json\/wp\/v2\/posts"}],"about":[{"href":"https:\/\/zjarr.tv\/en\/wp-json\/wp\/v2\/types\/post"}],"author":[{"embeddable":true,"href":"https:\/\/zjarr.tv\/en\/wp-json\/wp\/v2\/users\/2016"}],"replies":[{"embeddable":true,"href":"https:\/\/zjarr.tv\/en\/wp-json\/wp\/v2\/comments?post=179874"}],"version-history":[{"count":0,"href":"https:\/\/zjarr.tv\/en\/wp-json\/wp\/v2\/posts\/179874\/revisions"}],"wp:featuredmedia":[{"embeddable":true,"href":"https:\/\/zjarr.tv\/en\/wp-json\/wp\/v2\/media\/179876"}],"wp:attachment":[{"href":"https:\/\/zjarr.tv\/en\/wp-json\/wp\/v2\/media?parent=179874"}],"wp:term":[{"taxonomy":"category","embeddable":true,"href":"https:\/\/zjarr.tv\/en\/wp-json\/wp\/v2\/categories?post=179874"},{"taxonomy":"post_tag","embeddable":true,"href":"https:\/\/zjarr.tv\/en\/wp-json\/wp\/v2\/tags?post=179874"}],"curies":[{"name":"wp","href":"https:\/\/api.w.org\/{rel}","templated":true}]}}