{"id":179885,"date":"2021-04-27T13:12:39","date_gmt":"2021-04-27T11:12:39","guid":{"rendered":"https:\/\/zjarr.tv\/?p=179885"},"modified":"2021-04-27T13:12:39","modified_gmt":"2021-04-27T11:12:39","slug":"ndryshon-masa-apeli-liron-nga-qelia-dy-kontrolloret-e-rinasi-vendimi-per-flora-ndrecen","status":"publish","type":"post","link":"https:\/\/zjarr.tv\/en\/ndryshon-masa-apeli-liron-nga-qelia-dy-kontrolloret-e-rinasi-vendimi-per-flora-ndrecen\/","title":{"rendered":"Ndryshon masa, Apeli liron nga qelia dy kontrollor\u00ebt e Rinasi, vendimi p\u00ebr Flora Ndrec\u00ebn"},"content":{"rendered":"<p style=\"background: white; margin: 0in 0in 19.5pt 0in;\">Gjykata e Apelit ka ndryshuar mas\u00ebn p\u00ebr tre kontrollor\u00ebt e Rinasit.<\/p>\n<p style=\"background: white; -webkit-tap-highlight-color: transparent !important; box-sizing: border-box; overflow-wrap: break-word; font-variant-ligatures: normal; font-variant-caps: normal; orphans: 2; widows: 2; -webkit-text-stroke-width: 0px; text-decoration-thickness: initial; text-decoration-style: initial; text-decoration-color: initial; word-spacing: 0px; margin: 0in 0in 19.5pt 0in;\">B\u00ebhet me dijes se Gjykata ka ndryshuar mas\u00ebsn p\u00ebr Muhin Mezinin, Armando Fezg\u00ebn dhe Flora Ndreca.<\/p>\n<p style=\"background: white; -webkit-tap-highlight-color: transparent !important; box-sizing: border-box; overflow-wrap: break-word; font-variant-ligatures: normal; font-variant-caps: normal; orphans: 2; widows: 2; -webkit-text-stroke-width: 0px; text-decoration-thickness: initial; text-decoration-style: initial; text-decoration-color: initial; word-spacing: 0px; margin: 0in 0in 19.5pt 0in;\">M\u00ebsohet se Gjykata ka vendosur \u201carrest sht\u00ebpie\u201d p\u00ebr Muhin Mezinin dhe Armando Fezg\u00ebn, nd\u00ebrsa \u201cdetyrim paraqitje\u201d p\u00ebr Flora Ndrec\u00ebn.<\/p>\n<p style=\"background: white; -webkit-tap-highlight-color: transparent !important; box-sizing: border-box; overflow-wrap: break-word; font-variant-ligatures: normal; font-variant-caps: normal; orphans: 2; widows: 2; -webkit-text-stroke-width: 0px; text-decoration-thickness: initial; text-decoration-style: initial; text-decoration-color: initial; word-spacing: 0px; margin: 0in 0in 19.5pt 0in;\">Kujtojm\u00eb q\u00eb kontrollor\u00ebt e Rinasit akuzohen p\u00ebr \u201cshp\u00ebrdorim detyre\u201d. K\u00ebta kontrollor\u00eb, s\u00eb bashku me m\u00eb shum\u00eb se 60 koleg\u00eb t\u00eb tjer\u00eb shpall\u00ebn paaft\u00ebsi t\u00eb p\u00ebrkohshme p\u00ebr shkak t\u00eb stresit q\u00eb iu ishte krijuar nga ulja e pagave, duke bllokuar aeroportin e Rinasit p\u00ebr m\u00eb shum\u00eb se 24 or\u00eb.<\/p>","protected":false},"excerpt":{"rendered":"<p>Gjykata e Apelit ka ndryshuar mas\u00ebn p\u00ebr tre kontrollor\u00ebt e Rinasit. B\u00ebhet me dijes se Gjykata ka ndryshuar mas\u00ebsn p\u00ebr Muhin Mezinin, Armando Fezg\u00ebn dhe Flora Ndreca. M\u00ebsohet se Gjykata ka vendosur \u201carrest sht\u00ebpie\u201d p\u00ebr Muhin Mezinin dhe Armando Fezg\u00ebn, nd\u00ebrsa \u201cdetyrim paraqitje\u201d p\u00ebr Flora Ndrec\u00ebn. Kujtojm\u00eb q\u00eb kontrollor\u00ebt e Rinasit akuzohen p\u00ebr \u201cshp\u00ebrdorim detyre\u201d. [&hellip;]<\/p>\n","protected":false},"author":2030,"featured_media":179886,"comment_status":"closed","ping_status":"closed","sticky":false,"template":"","format":"standard","meta":{"footnotes":""},"categories":[241],"tags":[],"class_list":{"0":"post-179885","1":"post","2":"type-post","3":"status-publish","4":"format-standard","5":"has-post-thumbnail","7":"category-aktualitet"},"_links":{"self":[{"href":"https:\/\/zjarr.tv\/en\/wp-json\/wp\/v2\/posts\/179885","targetHints":{"allow":["GET"]}}],"collection":[{"href":"https:\/\/zjarr.tv\/en\/wp-json\/wp\/v2\/posts"}],"about":[{"href":"https:\/\/zjarr.tv\/en\/wp-json\/wp\/v2\/types\/post"}],"author":[{"embeddable":true,"href":"https:\/\/zjarr.tv\/en\/wp-json\/wp\/v2\/users\/2030"}],"replies":[{"embeddable":true,"href":"https:\/\/zjarr.tv\/en\/wp-json\/wp\/v2\/comments?post=179885"}],"version-history":[{"count":0,"href":"https:\/\/zjarr.tv\/en\/wp-json\/wp\/v2\/posts\/179885\/revisions"}],"wp:featuredmedia":[{"embeddable":true,"href":"https:\/\/zjarr.tv\/en\/wp-json\/wp\/v2\/media\/179886"}],"wp:attachment":[{"href":"https:\/\/zjarr.tv\/en\/wp-json\/wp\/v2\/media?parent=179885"}],"wp:term":[{"taxonomy":"category","embeddable":true,"href":"https:\/\/zjarr.tv\/en\/wp-json\/wp\/v2\/categories?post=179885"},{"taxonomy":"post_tag","embeddable":true,"href":"https:\/\/zjarr.tv\/en\/wp-json\/wp\/v2\/tags?post=179885"}],"curies":[{"name":"wp","href":"https:\/\/api.w.org\/{rel}","templated":true}]}}