{"id":179893,"date":"2021-04-27T13:56:48","date_gmt":"2021-04-27T11:56:48","guid":{"rendered":"https:\/\/zjarr.tv\/?p=179893"},"modified":"2021-04-27T13:56:48","modified_gmt":"2021-04-27T11:56:48","slug":"lajm-i-fundit-rama-shkon-drejt-74-mandateve-presidenti-meta-paralajmeron-konference-urgjente","status":"publish","type":"post","link":"https:\/\/zjarr.tv\/en\/lajm-i-fundit-rama-shkon-drejt-74-mandateve-presidenti-meta-paralajmeron-konference-urgjente\/","title":{"rendered":"LAJM I FUNDIT\/ Rama shkon drejt 74 mandateve, Presidenti Meta paralajm\u00ebron konferenc\u00eb urgjente"},"content":{"rendered":"<p>Z\u00ebdh\u00ebn\u00ebsi i presidentit, Tedi Blushi me an\u00eb t\u00eb nj\u00eb postimi t\u00eb tij n\u00eb \u2018facebook\u2019 ka lajm\u00ebruar nj\u00eb konferenc\u00eb t\u00eb presidentit Meta i cili do t\u00eb drejtohet me nj\u00eb mesazh ndaj qytetar\u00ebve.<\/p>\n<p>Kjo dalje publike e Presidentit , vjen pas thellimit t\u00eb rezultatit n\u00eb favor t\u00eb PS e cila momentalisht ka siguruae plot 74 mandate.<\/p>","protected":false},"excerpt":{"rendered":"<p>Z\u00ebdh\u00ebn\u00ebsi i presidentit, Tedi Blushi me an\u00eb t\u00eb nj\u00eb postimi t\u00eb tij n\u00eb \u2018facebook\u2019 ka lajm\u00ebruar nj\u00eb konferenc\u00eb t\u00eb presidentit Meta i cili do t\u00eb drejtohet me nj\u00eb mesazh ndaj qytetar\u00ebve. Kjo dalje publike e Presidentit , vjen pas thellimit t\u00eb rezultatit n\u00eb favor t\u00eb PS e cila momentalisht ka siguruae plot 74 mandate.<\/p>","protected":false},"author":2030,"featured_media":179894,"comment_status":"closed","ping_status":"closed","sticky":false,"template":"","format":"standard","meta":{"footnotes":""},"categories":[241],"tags":[],"class_list":{"0":"post-179893","1":"post","2":"type-post","3":"status-publish","4":"format-standard","5":"has-post-thumbnail","7":"category-aktualitet"},"_links":{"self":[{"href":"https:\/\/zjarr.tv\/en\/wp-json\/wp\/v2\/posts\/179893","targetHints":{"allow":["GET"]}}],"collection":[{"href":"https:\/\/zjarr.tv\/en\/wp-json\/wp\/v2\/posts"}],"about":[{"href":"https:\/\/zjarr.tv\/en\/wp-json\/wp\/v2\/types\/post"}],"author":[{"embeddable":true,"href":"https:\/\/zjarr.tv\/en\/wp-json\/wp\/v2\/users\/2030"}],"replies":[{"embeddable":true,"href":"https:\/\/zjarr.tv\/en\/wp-json\/wp\/v2\/comments?post=179893"}],"version-history":[{"count":0,"href":"https:\/\/zjarr.tv\/en\/wp-json\/wp\/v2\/posts\/179893\/revisions"}],"wp:featuredmedia":[{"embeddable":true,"href":"https:\/\/zjarr.tv\/en\/wp-json\/wp\/v2\/media\/179894"}],"wp:attachment":[{"href":"https:\/\/zjarr.tv\/en\/wp-json\/wp\/v2\/media?parent=179893"}],"wp:term":[{"taxonomy":"category","embeddable":true,"href":"https:\/\/zjarr.tv\/en\/wp-json\/wp\/v2\/categories?post=179893"},{"taxonomy":"post_tag","embeddable":true,"href":"https:\/\/zjarr.tv\/en\/wp-json\/wp\/v2\/tags?post=179893"}],"curies":[{"name":"wp","href":"https:\/\/api.w.org\/{rel}","templated":true}]}}