{"id":179932,"date":"2021-04-27T17:17:30","date_gmt":"2021-04-27T15:17:30","guid":{"rendered":"https:\/\/zjarr.tv\/?p=179932"},"modified":"2021-04-27T17:17:30","modified_gmt":"2021-04-27T15:17:30","slug":"lajmi-i-fundit-levizje-e-papritur-ne-seline-e-pd-se-basha-mbledh-te-gjithe-drejtuesit-politik-cfare-pritet-te-ndodh","status":"publish","type":"post","link":"https:\/\/zjarr.tv\/en\/lajmi-i-fundit-levizje-e-papritur-ne-seline-e-pd-se-basha-mbledh-te-gjithe-drejtuesit-politik-cfare-pritet-te-ndodh\/","title":{"rendered":"LAJMI I FUNDIT\/ L\u00ebvizje e papritur n\u00eb selin\u00eb e PD-s\u00eb, Basha mbledh t\u00eb gjith\u00eb drejtuesit politik (\u00c7far\u00eb pritet t\u00eb ndodh)"},"content":{"rendered":"<p>Kryedemokrati Lulzim Basha do t\u00eb mbledh n\u00eb nj\u00eb takim urgjent t\u00eb\u00a0 gjith\u00eb drejtuesit politik\u00eb.<\/p>\n<p>B\u00ebhet me dije se takimi do t\u00eb zhvillohet n\u00eb or\u00ebn 18:30, nd\u00ebrsa ende nuk dihet tema e diskutimit.<\/p>\n<p>vijon\u2026<\/p>","protected":false},"excerpt":{"rendered":"<p>Kryedemokrati Lulzim Basha do t\u00eb mbledh n\u00eb nj\u00eb takim urgjent t\u00eb\u00a0 gjith\u00eb drejtuesit politik\u00eb. B\u00ebhet me dije se takimi do t\u00eb zhvillohet n\u00eb or\u00ebn 18:30, nd\u00ebrsa ende nuk dihet tema e diskutimit. vijon\u2026<\/p>","protected":false},"author":2030,"featured_media":179933,"comment_status":"closed","ping_status":"closed","sticky":false,"template":"","format":"standard","meta":{"footnotes":""},"categories":[241,1454],"tags":[],"class_list":{"0":"post-179932","1":"post","2":"type-post","3":"status-publish","4":"format-standard","5":"has-post-thumbnail","7":"category-aktualitet","8":"category-politike"},"_links":{"self":[{"href":"https:\/\/zjarr.tv\/en\/wp-json\/wp\/v2\/posts\/179932","targetHints":{"allow":["GET"]}}],"collection":[{"href":"https:\/\/zjarr.tv\/en\/wp-json\/wp\/v2\/posts"}],"about":[{"href":"https:\/\/zjarr.tv\/en\/wp-json\/wp\/v2\/types\/post"}],"author":[{"embeddable":true,"href":"https:\/\/zjarr.tv\/en\/wp-json\/wp\/v2\/users\/2030"}],"replies":[{"embeddable":true,"href":"https:\/\/zjarr.tv\/en\/wp-json\/wp\/v2\/comments?post=179932"}],"version-history":[{"count":0,"href":"https:\/\/zjarr.tv\/en\/wp-json\/wp\/v2\/posts\/179932\/revisions"}],"wp:featuredmedia":[{"embeddable":true,"href":"https:\/\/zjarr.tv\/en\/wp-json\/wp\/v2\/media\/179933"}],"wp:attachment":[{"href":"https:\/\/zjarr.tv\/en\/wp-json\/wp\/v2\/media?parent=179932"}],"wp:term":[{"taxonomy":"category","embeddable":true,"href":"https:\/\/zjarr.tv\/en\/wp-json\/wp\/v2\/categories?post=179932"},{"taxonomy":"post_tag","embeddable":true,"href":"https:\/\/zjarr.tv\/en\/wp-json\/wp\/v2\/tags?post=179932"}],"curies":[{"name":"wp","href":"https:\/\/api.w.org\/{rel}","templated":true}]}}