{"id":179939,"date":"2021-04-27T17:40:34","date_gmt":"2021-04-27T15:40:34","guid":{"rendered":"https:\/\/zjarr.tv\/?p=179939"},"modified":"2021-04-27T17:40:34","modified_gmt":"2021-04-27T15:40:34","slug":"basha-nis-takimet-me-aleatet-therret-me-urgjence-idrizin-e-mediun-zbulohet-takimi-me-kreret-e-qarqeve-detajet","status":"publish","type":"post","link":"https:\/\/zjarr.tv\/en\/basha-nis-takimet-me-aleatet-therret-me-urgjence-idrizin-e-mediun-zbulohet-takimi-me-kreret-e-qarqeve-detajet\/","title":{"rendered":"Basha nis takimet me ALEAT\u00cbT, th\u00ebrret me URGJENC\u00cb Idrizin e Mediun, ZBULOHET takimi me krer\u00ebt e qarqeve (DETAJET)"},"content":{"rendered":"<p>Kreu i Partis\u00eb Demokratike Lulzim Basha pritet t\u00eb zhvilloj\u00eb nj\u00eb takim n\u00eb or\u00ebn 18:30 me drejtuesit e politik t\u00eb qarqeve n\u00eb selin\u00eb blu.<\/p>\n<p>M\u00eb her\u00ebt Basha u takua me dy aleat\u00ebt e PD, Shp\u00ebtim Idrizi dhe Fatmir Mediu, ku diskutuan mbi denoncimin q\u00eb do t\u00eb b\u00ebjn\u00eb lidhur me vjedhjen e votave t\u00eb pretenduara prej tyre.<\/p>\n<p>Rreth or\u00ebs 15:00 t\u00eb dit\u00ebs s\u00eb sotme, n\u00eb selin\u00eb blu u pa t\u00eb hyj\u00eb edhe Sekretari i P\u00ebrgjithsh\u00ebm i PD-s\u00eb, Gazment Bardhi.<\/p>\n<p>Pas publikimit t\u00eb rezulatatit zyrtar, Basha do t\u00eb mbaj\u00eb edhe nj\u00eb fjalim p\u00ebr mediat, ku do t\u00eb jap\u00eb dhe nj\u00eb mesazh p\u00ebr t\u00eb gjith\u00eb mb\u00ebshtet\u00ebsit e PD-s\u00eb.<\/p>","protected":false},"excerpt":{"rendered":"<p>Kreu i Partis\u00eb Demokratike Lulzim Basha pritet t\u00eb zhvilloj\u00eb nj\u00eb takim n\u00eb or\u00ebn 18:30 me drejtuesit e politik t\u00eb qarqeve n\u00eb selin\u00eb blu. M\u00eb her\u00ebt Basha u takua me dy aleat\u00ebt e PD, Shp\u00ebtim Idrizi dhe Fatmir Mediu, ku diskutuan mbi denoncimin q\u00eb do t\u00eb b\u00ebjn\u00eb lidhur me vjedhjen e votave t\u00eb pretenduara prej tyre. [&hellip;]<\/p>\n","protected":false},"author":2031,"featured_media":173852,"comment_status":"closed","ping_status":"closed","sticky":false,"template":"","format":"standard","meta":{"footnotes":""},"categories":[231],"tags":[],"class_list":{"0":"post-179939","1":"post","2":"type-post","3":"status-publish","4":"format-standard","5":"has-post-thumbnail","7":"category-lajme"},"_links":{"self":[{"href":"https:\/\/zjarr.tv\/en\/wp-json\/wp\/v2\/posts\/179939","targetHints":{"allow":["GET"]}}],"collection":[{"href":"https:\/\/zjarr.tv\/en\/wp-json\/wp\/v2\/posts"}],"about":[{"href":"https:\/\/zjarr.tv\/en\/wp-json\/wp\/v2\/types\/post"}],"author":[{"embeddable":true,"href":"https:\/\/zjarr.tv\/en\/wp-json\/wp\/v2\/users\/2031"}],"replies":[{"embeddable":true,"href":"https:\/\/zjarr.tv\/en\/wp-json\/wp\/v2\/comments?post=179939"}],"version-history":[{"count":0,"href":"https:\/\/zjarr.tv\/en\/wp-json\/wp\/v2\/posts\/179939\/revisions"}],"wp:featuredmedia":[{"embeddable":true,"href":"https:\/\/zjarr.tv\/en\/wp-json\/wp\/v2\/media\/173852"}],"wp:attachment":[{"href":"https:\/\/zjarr.tv\/en\/wp-json\/wp\/v2\/media?parent=179939"}],"wp:term":[{"taxonomy":"category","embeddable":true,"href":"https:\/\/zjarr.tv\/en\/wp-json\/wp\/v2\/categories?post=179939"},{"taxonomy":"post_tag","embeddable":true,"href":"https:\/\/zjarr.tv\/en\/wp-json\/wp\/v2\/tags?post=179939"}],"curies":[{"name":"wp","href":"https:\/\/api.w.org\/{rel}","templated":true}]}}