{"id":179960,"date":"2021-04-27T19:55:54","date_gmt":"2021-04-27T17:55:54","guid":{"rendered":"https:\/\/zjarr.tv\/?p=179960"},"modified":"2021-04-27T20:08:33","modified_gmt":"2021-04-27T18:08:33","slug":"kryedemokrati-basha-ne-konference-per-mediat-nuk-heqim-dorejemi-me-te-forte-se-kurre","status":"publish","type":"post","link":"https:\/\/zjarr.tv\/en\/kryedemokrati-basha-ne-konference-per-mediat-nuk-heqim-dorejemi-me-te-forte-se-kurre\/","title":{"rendered":"Kryedemokrati Basha ne konference per mediat: Nuk heqim dore,jemi me te forte se kurre!"},"content":{"rendered":"<p>Kryedemokrati Lulzim Basha ka dae e nje konferece per mdiat ku u shpreh se u perdoren milionat e kimineleve ,u shamtazhuanmedat per te fituat keto zgjedhje .<\/p>\n<p>Basha falenderoi mbeshtetesit bashkpuntoret te cileve nuk ju numerua vota,ai tha se Partia Demokratir eshte m e forte se kurre per te luftuar per ata shqiptare qe e votuan ndryshimin.<\/p>\n<p>T\u00eb dashur shqiptare dhe shqiptar\u00eb, v\u00ebllez\u00ebr dhe motra, zonja dhe zot\u00ebrinj, teksa muzgu i k\u00ebsaj mbr\u00ebmje po bie mbi qytetet dhe fshatrat tona, mbi malet dhe luginat e Shqip\u00ebris\u00eb, nj\u00eb tjet\u00ebr hije po avitet n\u00eb zemrat dhe mendjet e shqiptar\u00ebve anemban\u00eb k\u00ebtij vendi dhe kudo ku ndodhen.<\/p>\n<p>A \u00ebsht\u00eb ky muzgu i shpres\u00ebs dhe \u00ebndrr\u00ebs p\u00ebr ndryshim, p\u00ebr Shqip\u00ebrin\u00eb\u00a0demokratike normale dhe t\u00eb zhilluar, p\u00ebr Shqip\u00ebrin\u00eb Europiane.<\/p>\n<p>Kemi shum\u00eb vite q\u00eb luftojm\u00eb p\u00ebr demokracin\u00eb. U desh\u00ebn shum\u00eb vite q\u00eb t\u00eb rr\u00ebzonim regjimin komunist, por ne ja\u00a0dol\u00ebm. Ia dol\u00ebm sepse jemi njer\u00ebz t\u00eb fort\u00eb, jemi nj\u00eb popull q\u00eb beson tek\u00a0demokracia.<br \/>\nBeteja jon\u00eb p\u00ebr demokraci ka vijuar pand\u00ebrprer\u00eb \u00e7do \u00e7ast, \u00e7do dit\u00eb, anemban\u00eb Shqip\u00ebris\u00eb.<\/p>\n<p>Edhe k\u00ebto muaj, ne luftuam p\u00ebr demokracin\u00eb. \u00a0Un\u00eb besova se fal\u00eb fuqis\u00eb s\u00eb mrekullueshme t\u00eb popullit ton\u00eb ne do\u00a0fitonim dhe do ti kthenim Shqip\u00ebris\u00eb demokracin\u00eb.<\/p>\n<p>Por k\u00ebt\u00eb her\u00eb kjo nuk mjaftoi. \u00a0Nuk mjaftoi sepse k\u00ebto zgjedhje nuk kishin t\u00eb b\u00ebnin me demokracin\u00eb.<\/p>\n<p>Ne hym\u00eb n\u00eb k\u00ebt\u00eb betej\u00eb jo me nj\u00eb kund\u00ebrshtar politik, por me nj\u00eb\u00a0regjim q\u00eb b\u00ebri gjith\u00e7ka p\u00ebr ta shkat\u00ebrruar gar\u00ebn e ndershme elektorale.<\/p>\n<p>Ata ndryshuan kushtetut\u00ebn dhe kodin zgjedhor duke thyer t\u00eb gjith\u00eb rregullat. Dhjet\u00ebra mij\u00ebra vota t\u00eb pavlefshme, numri m\u00eb i madh ndonj\u00ebher\u00eb dhe dy her\u00eb m\u00eb shum\u00eb sesa diferenca mes dy pal\u00ebve.<\/p>\n<p>Miliona euro t\u00eb hedhura p\u00ebr t\u00eb realizuar blerjen m\u00eb t\u00eb madhe\u00a0industriale t\u00eb vot\u00ebs duke shkaktuar deformimin m\u00eb t\u00eb madh t\u00eb vullnetit\u00a0t\u00eb zgjedh\u00ebsve.<\/p>\n<p>Ata p\u00ebrdor\u00ebn milionat e koncesioneve t\u00eb korruptuara, \u00a0vodh\u00ebn t\u00eb dh\u00ebnat personale t\u00eb qytetar\u00ebve shqiptar\u00eb, p\u00ebrdor\u00ebn kriminel\u00ebt dhe bandat, \u00a0k\u00ebrc\u00ebnuan dhe shantazhuan votuesit, administrat\u00ebn, gazetar\u00ebt dhe median \u00a0duke e b\u00ebr\u00eb edhe m\u00eb t\u00eb madhe masakr\u00ebn elektorale,\u201d\u00a0tha Basha.<\/p>","protected":false},"excerpt":{"rendered":"<p>Kryedemokrati Lulzim Basha ka dae e nje konferece per mdiat ku u shpreh se u perdoren milionat e kimineleve ,u shamtazhuanmedat per te fituat keto zgjedhje . Basha falenderoi mbeshtetesit bashkpuntoret te cileve nuk ju numerua vota,ai tha se Partia Demokratir eshte m e forte se kurre per te luftuar per ata shqiptare qe e [&hellip;]<\/p>\n","protected":false},"author":2031,"featured_media":179933,"comment_status":"closed","ping_status":"closed","sticky":false,"template":"","format":"standard","meta":{"footnotes":""},"categories":[1],"tags":[],"class_list":{"0":"post-179960","1":"post","2":"type-post","3":"status-publish","4":"format-standard","5":"has-post-thumbnail","7":"category-uncategorized-sq"},"_links":{"self":[{"href":"https:\/\/zjarr.tv\/en\/wp-json\/wp\/v2\/posts\/179960","targetHints":{"allow":["GET"]}}],"collection":[{"href":"https:\/\/zjarr.tv\/en\/wp-json\/wp\/v2\/posts"}],"about":[{"href":"https:\/\/zjarr.tv\/en\/wp-json\/wp\/v2\/types\/post"}],"author":[{"embeddable":true,"href":"https:\/\/zjarr.tv\/en\/wp-json\/wp\/v2\/users\/2031"}],"replies":[{"embeddable":true,"href":"https:\/\/zjarr.tv\/en\/wp-json\/wp\/v2\/comments?post=179960"}],"version-history":[{"count":0,"href":"https:\/\/zjarr.tv\/en\/wp-json\/wp\/v2\/posts\/179960\/revisions"}],"wp:featuredmedia":[{"embeddable":true,"href":"https:\/\/zjarr.tv\/en\/wp-json\/wp\/v2\/media\/179933"}],"wp:attachment":[{"href":"https:\/\/zjarr.tv\/en\/wp-json\/wp\/v2\/media?parent=179960"}],"wp:term":[{"taxonomy":"category","embeddable":true,"href":"https:\/\/zjarr.tv\/en\/wp-json\/wp\/v2\/categories?post=179960"},{"taxonomy":"post_tag","embeddable":true,"href":"https:\/\/zjarr.tv\/en\/wp-json\/wp\/v2\/tags?post=179960"}],"curies":[{"name":"wp","href":"https:\/\/api.w.org\/{rel}","templated":true}]}}