{"id":179984,"date":"2021-04-28T07:57:39","date_gmt":"2021-04-28T05:57:39","guid":{"rendered":"https:\/\/zjarr.tv\/?p=179984"},"modified":"2021-04-28T07:57:59","modified_gmt":"2021-04-28T05:57:59","slug":"mark-marku-pd-nuk-do-ti-njohe-kurre-keto-zgjedhje","status":"publish","type":"post","link":"https:\/\/zjarr.tv\/en\/mark-marku-pd-nuk-do-ti-njohe-kurre-keto-zgjedhje\/","title":{"rendered":"Mark Marku: PD nuk do t\u2019i njoh\u00eb kurr\u00eb k\u00ebto Zgjedhje\u2026"},"content":{"rendered":"<p>Drejtuesi politik i Partis\u00eb Demokratike n\u00eb Lezh\u00eb, nj\u00ebherazi edhe kandidat i PD n\u00eb k\u00ebt\u00eb qark, Mark Marku, vjen me nj\u00eb reagim n\u00eb rrjetet sociale ku shkruan se PD, nuk do t\u2019i njoh\u00eb kurr\u00eb rezultatet e Zgjedhjeve t\u00eb 25 Prillit. P\u00ebrmes k\u00ebtij postimi, Marku shkruan se PD do t\u00eb punoj\u00eb q\u00eb shum\u00eb shpejt pushteti t\u00eb kaloj\u00eb n\u00eb duart e popullit dhe se SHBA, BE dhe e gjith\u00eb bota demokratike nuk do ta njohin Lukashenkon e Ballkanit, duke ju drejtuar k\u00ebshtu Kryeministri Rama.<\/p>\n<p><strong>Postimi i plot\u00eb:<\/strong><\/p>\n<p><em>T\u00eb dashur qytetar\u00eb t\u00eb Lezh\u00ebs, Kurbinit, Mirdit\u00ebs.<\/em><\/p>\n<p><em>T\u00eb dashur v\u00ebllez\u00ebr dhe motra. <\/em><em>Fal\u00eb mb\u00ebshtetjes tuaj, ne arrit\u00ebm nj\u00eb fitore t\u00eb madhe n\u00eb gjith\u00eb qarkun (5900 vota plus) m\u00eb t\u00eb madhe, n\u00eb gjith\u00eb historin\u00eb e pluralizmit. <\/em><em>Me gjith\u00eb milionat e parave t\u00eb hedhura nga pushteti i korruptuar i Ram\u00ebs, me gjith\u00eb llumin q\u00eb p\u00ebrmbyti si asnj\u00ebher\u00eb tjet\u00ebr Lezh\u00ebn, Kurbinin dhe Mirdit\u00ebn, ju treguat n\u00eb m\u00ebnyr\u00eb shembullore se asgj\u00eb nuk e mposht karakterin, dinjitetin dhe shpirtin e lir\u00eb t\u00eb qytetar\u00ebve t\u00eb zon\u00ebs son\u00eb, asgj\u00eb dhe askush nuk e p\u00ebrdhos krenarin\u00eb ton\u00eb. <\/em><em>Si drejtues politik i qarkut bashk\u00eb me koleg\u00ebt ju falenderoj p\u00ebrzem\u00ebrsisht dhe ju garantoj se do t\u00eb jemi n\u00eb lart\u00ebsin\u00eb e gjestit tuaj fisnik. Shum\u00eb prej jush me lot n\u00eb sy, sot m\u00eb kan\u00eb shprehur deshp\u00ebrimin p\u00ebr faktin se ajo q\u00eb nuk ndodhi n\u00eb Lezh\u00eb apo diku tjet\u00ebr ndodhi n\u00eb Shqip\u00ebri. <\/em><em>Parat\u00eb q\u00eb u jan\u00eb vjedhur juve nga qeveria m\u00eb e korruptuar n\u00eb bot\u00eb, pra nga Rama, \u00a0na i vodh\u00ebn zgjedhjet n\u00eb shkall\u00eb vendi.<\/em><\/p>\n<p><em>Ju garantoj se Partia Demokratike nuk do ti njoh\u00eb kurr\u00eb k\u00ebto zgjedhje, dhe do punoj\u00eb q\u00eb shum\u00eb shpejt pushteti nga duart e bands grabit\u00ebse t\u00eb Rilindjes t\u00eb kaloj\u00eb tek populli. <\/em><em>Jam i bindur se SHBA, BE dhe gjith\u00eb bota demokratike nuk do ta njohin Lukashenkon e Ballkanit, Edi Rama dhe zgjedhjet e tij. <\/em><em>Shum\u00eb shpejt e gjith\u00eb Shqip\u00ebria do b\u00ebhet si Qarku jon\u00eb, zon\u00eb e lir\u00eb dhe demokratike.<\/em><\/p>\n<p><em>Miq\u00ebsisht, Mark Marku.<\/em><\/p>","protected":false},"excerpt":{"rendered":"<p>Drejtuesi politik i Partis\u00eb Demokratike n\u00eb Lezh\u00eb, nj\u00ebherazi edhe kandidat i PD n\u00eb k\u00ebt\u00eb qark, Mark Marku, vjen me nj\u00eb reagim n\u00eb rrjetet sociale ku shkruan se PD, nuk do t\u2019i njoh\u00eb kurr\u00eb rezultatet e Zgjedhjeve t\u00eb 25 Prillit. P\u00ebrmes k\u00ebtij postimi, Marku shkruan se PD do t\u00eb punoj\u00eb q\u00eb shum\u00eb shpejt pushteti t\u00eb kaloj\u00eb [&hellip;]<\/p>\n","protected":false},"author":2016,"featured_media":179986,"comment_status":"closed","ping_status":"closed","sticky":false,"template":"","format":"standard","meta":{"footnotes":""},"categories":[241,1454],"tags":[2712],"class_list":{"0":"post-179984","1":"post","2":"type-post","3":"status-publish","4":"format-standard","5":"has-post-thumbnail","7":"category-aktualitet","8":"category-politike","9":"tag-lajme-zjarr-marku-pd-nuk-do-ti-njohe-zgjedhjet-zjarr-tv"},"_links":{"self":[{"href":"https:\/\/zjarr.tv\/en\/wp-json\/wp\/v2\/posts\/179984","targetHints":{"allow":["GET"]}}],"collection":[{"href":"https:\/\/zjarr.tv\/en\/wp-json\/wp\/v2\/posts"}],"about":[{"href":"https:\/\/zjarr.tv\/en\/wp-json\/wp\/v2\/types\/post"}],"author":[{"embeddable":true,"href":"https:\/\/zjarr.tv\/en\/wp-json\/wp\/v2\/users\/2016"}],"replies":[{"embeddable":true,"href":"https:\/\/zjarr.tv\/en\/wp-json\/wp\/v2\/comments?post=179984"}],"version-history":[{"count":0,"href":"https:\/\/zjarr.tv\/en\/wp-json\/wp\/v2\/posts\/179984\/revisions"}],"wp:featuredmedia":[{"embeddable":true,"href":"https:\/\/zjarr.tv\/en\/wp-json\/wp\/v2\/media\/179986"}],"wp:attachment":[{"href":"https:\/\/zjarr.tv\/en\/wp-json\/wp\/v2\/media?parent=179984"}],"wp:term":[{"taxonomy":"category","embeddable":true,"href":"https:\/\/zjarr.tv\/en\/wp-json\/wp\/v2\/categories?post=179984"},{"taxonomy":"post_tag","embeddable":true,"href":"https:\/\/zjarr.tv\/en\/wp-json\/wp\/v2\/tags?post=179984"}],"curies":[{"name":"wp","href":"https:\/\/api.w.org\/{rel}","templated":true}]}}