{"id":179993,"date":"2021-04-28T08:25:28","date_gmt":"2021-04-28T06:25:28","guid":{"rendered":"https:\/\/zjarr.tv\/?p=179993"},"modified":"2021-04-28T08:25:28","modified_gmt":"2021-04-28T06:25:28","slug":"humbja-e-thelle-ne-zgjedhje-lsi-do-riperterihemi-si-zogu-mitik","status":"publish","type":"post","link":"https:\/\/zjarr.tv\/en\/humbja-e-thelle-ne-zgjedhje-lsi-do-riperterihemi-si-zogu-mitik\/","title":{"rendered":"Humbja e thell\u00eb n\u00eb Zgjedhje\/ LSI: Do rip\u00ebrt\u00ebrihemi si zogu mitik\u2026"},"content":{"rendered":"<p style=\"line-height: 17.65pt; vertical-align: baseline;\"><span style=\"color: #464343;\">Z\u00ebdh\u00ebn\u00ebsi i LSI-s\u00eb, Klajdi Bodlli ka shp\u00ebrndar\u00eb nj\u00eb video, n\u00eb t\u00eb cil\u00ebn thuhet se LSI do t\u00eb rip\u00ebrt\u00ebrihet s\u00ebrish. Kjo video e shp\u00ebrndar\u00eb n\u00eb rrjetet sociale, duket se \u00ebsht\u00eb dhe p\u00ebrgjigjja zyrtare e LSI p\u00ebr humbjen e thell\u00eb, n\u00eb zgjedhjet e 25 Prillit.<\/span><\/p>\n<p style=\"line-height: 17.65pt; vertical-align: baseline;\"><span style=\"color: #464343;\">Kujtojm\u00eb se kjo forc\u00eb politike, ka dal\u00eb nga zgjedhjet e 25 Prillit me vet\u00ebm 4 mandate, krahasuar me 22 q\u00eb kishte n\u00eb vitin 2017-t\u00eb.<\/span><\/p>\n<p style=\"line-height: 17.65pt; vertical-align: baseline;\"><span style=\"color: #464343;\">Sikurse shprehet n\u00eb video, thuhet se\u00a0 LSI, do t\u00eb rip\u00ebrt\u00ebrihet s\u00ebrish nga hiri i saj, si zogu mitik Feniks.<\/span><\/p>\n<p><img loading=\"lazy\" decoding=\"async\" class=\"alignnone size-full wp-image-179996\" src=\"https:\/\/zjarr.tv\/wp-content\/uploads\/2021\/04\/mona-1.png\" alt=\"\" width=\"559\" height=\"312\" srcset=\"https:\/\/zjarr.tv\/wp-content\/uploads\/2021\/04\/mona-1.png 559w, https:\/\/zjarr.tv\/wp-content\/uploads\/2021\/04\/mona-1-300x167.png 300w\" sizes=\"auto, (max-width: 559px) 100vw, 559px\" \/><\/p>","protected":false},"excerpt":{"rendered":"<p>Z\u00ebdh\u00ebn\u00ebsi i LSI-s\u00eb, Klajdi Bodlli ka shp\u00ebrndar\u00eb nj\u00eb video, n\u00eb t\u00eb cil\u00ebn thuhet se LSI do t\u00eb rip\u00ebrt\u00ebrihet s\u00ebrish. Kjo video e shp\u00ebrndar\u00eb n\u00eb rrjetet sociale, duket se \u00ebsht\u00eb dhe p\u00ebrgjigjja zyrtare e LSI p\u00ebr humbjen e thell\u00eb, n\u00eb zgjedhjet e 25 Prillit. Kujtojm\u00eb se kjo forc\u00eb politike, ka dal\u00eb nga zgjedhjet e 25 Prillit [&hellip;]<\/p>\n","protected":false},"author":2016,"featured_media":179997,"comment_status":"closed","ping_status":"closed","sticky":false,"template":"","format":"standard","meta":{"footnotes":""},"categories":[241,1454],"tags":[2714],"class_list":{"0":"post-179993","1":"post","2":"type-post","3":"status-publish","4":"format-standard","5":"has-post-thumbnail","7":"category-aktualitet","8":"category-politike","9":"tag-lajme-zjarr-lsi-do-riperterihemi-zjarr-tv"},"_links":{"self":[{"href":"https:\/\/zjarr.tv\/en\/wp-json\/wp\/v2\/posts\/179993","targetHints":{"allow":["GET"]}}],"collection":[{"href":"https:\/\/zjarr.tv\/en\/wp-json\/wp\/v2\/posts"}],"about":[{"href":"https:\/\/zjarr.tv\/en\/wp-json\/wp\/v2\/types\/post"}],"author":[{"embeddable":true,"href":"https:\/\/zjarr.tv\/en\/wp-json\/wp\/v2\/users\/2016"}],"replies":[{"embeddable":true,"href":"https:\/\/zjarr.tv\/en\/wp-json\/wp\/v2\/comments?post=179993"}],"version-history":[{"count":0,"href":"https:\/\/zjarr.tv\/en\/wp-json\/wp\/v2\/posts\/179993\/revisions"}],"wp:featuredmedia":[{"embeddable":true,"href":"https:\/\/zjarr.tv\/en\/wp-json\/wp\/v2\/media\/179997"}],"wp:attachment":[{"href":"https:\/\/zjarr.tv\/en\/wp-json\/wp\/v2\/media?parent=179993"}],"wp:term":[{"taxonomy":"category","embeddable":true,"href":"https:\/\/zjarr.tv\/en\/wp-json\/wp\/v2\/categories?post=179993"},{"taxonomy":"post_tag","embeddable":true,"href":"https:\/\/zjarr.tv\/en\/wp-json\/wp\/v2\/tags?post=179993"}],"curies":[{"name":"wp","href":"https:\/\/api.w.org\/{rel}","templated":true}]}}