{"id":179999,"date":"2021-04-28T08:36:32","date_gmt":"2021-04-28T06:36:32","guid":{"rendered":"https:\/\/zjarr.tv\/?p=179999"},"modified":"2021-04-28T08:36:32","modified_gmt":"2021-04-28T06:36:32","slug":"vetevendosje-kemi-prova-se-na-u-vodh-mandati-ne-tirane","status":"publish","type":"post","link":"https:\/\/zjarr.tv\/en\/vetevendosje-kemi-prova-se-na-u-vodh-mandati-ne-tirane\/","title":{"rendered":"Vet\u00ebvendosje: Kemi prova se na u vodh mandati n\u00eb Tiran\u00eb\u2026"},"content":{"rendered":"<p>Kreu i \u201cL\u00ebvizja Vet\u00ebvendosje\u201d p\u00ebr Shqip\u00ebrin\u00eb, Boiken Abazi, ka b\u00ebr\u00eb nj\u00eb reagim n\u00eb rrjetet sociale ku k\u00ebrkon q\u00eb sipas tij, \u201ct\u00eb vendoset drejt\u00ebsi se nuk \u00ebsht\u00eb largmendsh ta ken\u00eb fituar mandatin n\u00eb Tiran\u00eb\u201d.<\/p>\n<p><em>\u201cRezultatet paraprake tregojn\u00eb se kemi marr\u00eb vota n\u00eb t\u00eb gjith\u00eb territorin e Qarkut t\u00eb Tiran\u00ebs, n\u00eb qytet e n\u00eb fshat, nga Sh\u00ebn Gjergji n\u00eb Rrogozhin\u00eb, nga Vora n\u00eb Kavaj\u00eb, nga Kamza n\u00eb lagjet e qendr\u00ebs s\u00eb Tiran\u00ebs. Kjo \u00ebsht\u00eb edhe arsyeja pse shumica e votave tona jan\u00eb shpallur t\u00eb pavlefshme duke vendosur nj\u00eb \u201cX\u201d t\u00eb dyt\u00eb n\u00eb flet\u00ebn e votimit, ose duke ia kaluar subjekteve t\u00eb tjera politike (kryesisht te PS). P\u00ebr k\u00ebt\u00eb tashm\u00eb kemi grumbulluar mjaftuesh\u00ebm prova nga v\u00ebzhguesit tan\u00eb.<\/em><\/p>\n<p><em>Deri tani jan\u00eb shpallur mbi 81.000 vota t\u00eb pavlefshme n\u00eb rang Republike dhe mbi 17.000 vota t\u00eb pavlefshme vet\u00ebm n\u00eb Tiran\u00eb. Pas vjedhjes industriale q\u00eb na kan\u00eb b\u00ebr\u00eb, i kemi tashm\u00eb rreth 3.000 vota n\u00eb Qarkun Tiran\u00eb sipas rezultateve paraprake t\u00eb KQZ-s\u00eb. Ne do t\u00eb k\u00ebrkojm\u00eb hetim t\u00eb plot\u00eb dhe rinum\u00ebrim n\u00eb t\u00eb gjith\u00eb Qarkun e Tiran\u00ebs p\u00ebr t\u00eb gjitha qendrat e votimit!\u00a0Drejt\u00ebsia duhet t\u00eb veproj\u00eb ndaj atyre q\u00eb kan\u00eb vjedhur vullnetin e qytetar\u00ebve. Ekipi yn\u00eb ligjor ka dal\u00eb n\u00eb p\u00ebrfundimin se ekziston realisht mund\u00ebsia ta kemi fituar mandatin n\u00eb Tiran\u00eb\u201d<\/em>\u00a0\u2013 thot\u00eb Abazi.<\/p>","protected":false},"excerpt":{"rendered":"<p>Kreu i \u201cL\u00ebvizja Vet\u00ebvendosje\u201d p\u00ebr Shqip\u00ebrin\u00eb, Boiken Abazi, ka b\u00ebr\u00eb nj\u00eb reagim n\u00eb rrjetet sociale ku k\u00ebrkon q\u00eb sipas tij, \u201ct\u00eb vendoset drejt\u00ebsi se nuk \u00ebsht\u00eb largmendsh ta ken\u00eb fituar mandatin n\u00eb Tiran\u00eb\u201d. \u201cRezultatet paraprake tregojn\u00eb se kemi marr\u00eb vota n\u00eb t\u00eb gjith\u00eb territorin e Qarkut t\u00eb Tiran\u00ebs, n\u00eb qytet e n\u00eb fshat, nga Sh\u00ebn [&hellip;]<\/p>\n","protected":false},"author":2016,"featured_media":180001,"comment_status":"closed","ping_status":"closed","sticky":false,"template":"","format":"standard","meta":{"footnotes":""},"categories":[241,1454],"tags":[2715],"class_list":{"0":"post-179999","1":"post","2":"type-post","3":"status-publish","4":"format-standard","5":"has-post-thumbnail","7":"category-aktualitet","8":"category-politike","9":"tag-lajme-zjarr-flet-boiken-abazi-zjarr-tv"},"_links":{"self":[{"href":"https:\/\/zjarr.tv\/en\/wp-json\/wp\/v2\/posts\/179999","targetHints":{"allow":["GET"]}}],"collection":[{"href":"https:\/\/zjarr.tv\/en\/wp-json\/wp\/v2\/posts"}],"about":[{"href":"https:\/\/zjarr.tv\/en\/wp-json\/wp\/v2\/types\/post"}],"author":[{"embeddable":true,"href":"https:\/\/zjarr.tv\/en\/wp-json\/wp\/v2\/users\/2016"}],"replies":[{"embeddable":true,"href":"https:\/\/zjarr.tv\/en\/wp-json\/wp\/v2\/comments?post=179999"}],"version-history":[{"count":0,"href":"https:\/\/zjarr.tv\/en\/wp-json\/wp\/v2\/posts\/179999\/revisions"}],"wp:featuredmedia":[{"embeddable":true,"href":"https:\/\/zjarr.tv\/en\/wp-json\/wp\/v2\/media\/180001"}],"wp:attachment":[{"href":"https:\/\/zjarr.tv\/en\/wp-json\/wp\/v2\/media?parent=179999"}],"wp:term":[{"taxonomy":"category","embeddable":true,"href":"https:\/\/zjarr.tv\/en\/wp-json\/wp\/v2\/categories?post=179999"},{"taxonomy":"post_tag","embeddable":true,"href":"https:\/\/zjarr.tv\/en\/wp-json\/wp\/v2\/tags?post=179999"}],"curies":[{"name":"wp","href":"https:\/\/api.w.org\/{rel}","templated":true}]}}