{"id":180002,"date":"2021-04-28T08:54:58","date_gmt":"2021-04-28T06:54:58","guid":{"rendered":"https:\/\/zjarr.tv\/?p=180002"},"modified":"2021-04-28T08:55:26","modified_gmt":"2021-04-28T06:55:26","slug":"a-do-ta-shkarkoni-presidentin-meta-flet-elisa-spiropali","status":"publish","type":"post","link":"https:\/\/zjarr.tv\/en\/a-do-ta-shkarkoni-presidentin-meta-flet-elisa-spiropali\/","title":{"rendered":"A do ta shkarkoni Presidentin Meta? Flet Elisa Spiropali\u2026"},"content":{"rendered":"<p>Ministrja e Shtetit p\u00ebr Marr\u00ebdh\u00ebniet me Parlamentin, Elisa Spiropali deklaroi se LSI ka dal\u00eb nga skena politike shqiptare dhe ka marr\u00eb rezultatin m\u00eb t\u00eb dob\u00ebt elektoral historikisht.<\/p>\n<p>E pyetur n\u00ebse do t\u00eb nisnin procedura p\u00ebr t\u00eb shkarkuar Met\u00ebn, Spiropali u shpreh se ky nuk \u00ebsht\u00eb momenti p\u00ebr ta diskutuar k\u00ebt\u00eb.<\/p>\n<p><em style=\"font-weight: inherit;\">\u201cPresidenti ka shkarkuar veten. Besoj se qytetar\u00ebt i kan\u00eb dh\u00ebn\u00eb p\u00ebrgjigjen m\u00eb t\u00eb fort\u00eb me vot\u00eb, sjelljes s\u00eb paprecedent\u00eb presidentit q\u00eb e ka p\u00ebrdorur pozicionin m\u00eb t\u00eb lart\u00eb t\u00eb unifikusit t\u00eb popullit p\u00ebr interesat e ngushta personale dhe partiake t\u00eb SHPK-s\u00eb tij.<\/em><\/p>\n<p><em style=\"font-weight: inherit;\"> E ka marr\u00eb p\u00ebrgjigjen, ka rezultatin m\u00eb t\u00eb dob\u00ebt elektoral historikisht. Nuk \u00ebsht\u00eb koha p\u00ebr t\u00eb diskutuar sot p\u00ebr procedur\u00ebn parlamentare p\u00ebr Presidentin. Ka nj\u00eb lajm t\u00eb mir\u00eb, praktikisht LSI ka dal\u00eb nga skena politike. Ata q\u00eb kan\u00eb mund t\u00eb ken\u00eb votuar LSI-n\u00eb k\u00ebto vite, jan\u00eb t\u00eb mir\u00ebpritur t\u00eb na mb\u00ebshtesin, por dhe PD se ca prej tyre jan\u00eb kthyer n\u00eb PD. \u00c7udit\u00ebrisht njer\u00ebz q\u00eb o kan\u00eb qen\u00eb n\u00eb administrat\u00eb o me lidhje klienteliste.\u201d<\/em>, deklaroi Spiropali.<\/p>","protected":false},"excerpt":{"rendered":"<p>Ministrja e Shtetit p\u00ebr Marr\u00ebdh\u00ebniet me Parlamentin, Elisa Spiropali deklaroi se LSI ka dal\u00eb nga skena politike shqiptare dhe ka marr\u00eb rezultatin m\u00eb t\u00eb dob\u00ebt elektoral historikisht. E pyetur n\u00ebse do t\u00eb nisnin procedura p\u00ebr t\u00eb shkarkuar Met\u00ebn, Spiropali u shpreh se ky nuk \u00ebsht\u00eb momenti p\u00ebr ta diskutuar k\u00ebt\u00eb. \u201cPresidenti ka shkarkuar veten. Besoj [&hellip;]<\/p>\n","protected":false},"author":2016,"featured_media":180004,"comment_status":"closed","ping_status":"closed","sticky":false,"template":"","format":"standard","meta":{"footnotes":""},"categories":[241,1454],"tags":[1043],"class_list":{"0":"post-180002","1":"post","2":"type-post","3":"status-publish","4":"format-standard","5":"has-post-thumbnail","7":"category-aktualitet","8":"category-politike","9":"tag-lajme-zjarr-flet-elisa-spiropali-zjarr-tv"},"_links":{"self":[{"href":"https:\/\/zjarr.tv\/en\/wp-json\/wp\/v2\/posts\/180002","targetHints":{"allow":["GET"]}}],"collection":[{"href":"https:\/\/zjarr.tv\/en\/wp-json\/wp\/v2\/posts"}],"about":[{"href":"https:\/\/zjarr.tv\/en\/wp-json\/wp\/v2\/types\/post"}],"author":[{"embeddable":true,"href":"https:\/\/zjarr.tv\/en\/wp-json\/wp\/v2\/users\/2016"}],"replies":[{"embeddable":true,"href":"https:\/\/zjarr.tv\/en\/wp-json\/wp\/v2\/comments?post=180002"}],"version-history":[{"count":0,"href":"https:\/\/zjarr.tv\/en\/wp-json\/wp\/v2\/posts\/180002\/revisions"}],"wp:featuredmedia":[{"embeddable":true,"href":"https:\/\/zjarr.tv\/en\/wp-json\/wp\/v2\/media\/180004"}],"wp:attachment":[{"href":"https:\/\/zjarr.tv\/en\/wp-json\/wp\/v2\/media?parent=180002"}],"wp:term":[{"taxonomy":"category","embeddable":true,"href":"https:\/\/zjarr.tv\/en\/wp-json\/wp\/v2\/categories?post=180002"},{"taxonomy":"post_tag","embeddable":true,"href":"https:\/\/zjarr.tv\/en\/wp-json\/wp\/v2\/tags?post=180002"}],"curies":[{"name":"wp","href":"https:\/\/api.w.org\/{rel}","templated":true}]}}