{"id":180013,"date":"2021-04-28T09:52:50","date_gmt":"2021-04-28T07:52:50","guid":{"rendered":"https:\/\/zjarr.tv\/?p=180013"},"modified":"2021-04-28T09:52:50","modified_gmt":"2021-04-28T07:52:50","slug":"gazetarja-britanike-83-duan-te-largohen-por-votuan-edi-ramen","status":"publish","type":"post","link":"https:\/\/zjarr.tv\/en\/gazetarja-britanike-83-duan-te-largohen-por-votuan-edi-ramen\/","title":{"rendered":"Gazetarja britanike: 83% duan t\u00eb largohen, por votuan Edi Ram\u00ebn!!"},"content":{"rendered":"<p>Alice Taylor, gazetarja hulumtuese britanike dhe themeluesja e \u201cThe Balkanista\u201d ka reaguar pas rezultatit t\u00eb Zgjedhjeve 2021.<\/p>\n<p>Ajo shpreh habi p\u00ebr faktin se 83 p\u00ebrqind e shqiptar\u00ebve duan t\u00eb largohen, por s\u00ebrish votuan Edi Ram\u00ebn.<\/p>\n<p><em>&#8220;Rreth 83% e e qytetar\u00ebve duan t\u00eb largohen nga Shqip\u00ebria p\u00ebr shkak t\u00eb situat\u00ebs ekonomike, papun\u00ebsis\u00eb, korrupsionit, lidhjeve nepotike dhe d\u00ebshir\u00ebs p\u00ebr mund\u00ebsi.<\/em><\/p>\n<p><em>Por edhe k\u00ebshtu, s\u00ebrish 48% votuan pro edhe p\u00ebr kat\u00ebr vite p\u00ebr nj\u00eb parti q\u00eb p\u00ebr 8 vite i ka zhg\u00ebnjyer,&#8221;<\/em>\u00a0shkruan ajo.<\/p>","protected":false},"excerpt":{"rendered":"<p>Alice Taylor, gazetarja hulumtuese britanike dhe themeluesja e \u201cThe Balkanista\u201d ka reaguar pas rezultatit t\u00eb Zgjedhjeve 2021. Ajo shpreh habi p\u00ebr faktin se 83 p\u00ebrqind e shqiptar\u00ebve duan t\u00eb largohen, por s\u00ebrish votuan Edi Ram\u00ebn. &#8220;Rreth 83% e e qytetar\u00ebve duan t\u00eb largohen nga Shqip\u00ebria p\u00ebr shkak t\u00eb situat\u00ebs ekonomike, papun\u00ebsis\u00eb, korrupsionit, lidhjeve nepotike dhe [&hellip;]<\/p>\n","protected":false},"author":2016,"featured_media":180015,"comment_status":"closed","ping_status":"closed","sticky":false,"template":"","format":"standard","meta":{"footnotes":""},"categories":[241],"tags":[2718],"class_list":{"0":"post-180013","1":"post","2":"type-post","3":"status-publish","4":"format-standard","5":"has-post-thumbnail","7":"category-aktualitet","8":"tag-lajme-zjarr-gazetarja-britanike-flet-per-zgjedhjet-zjarr-tv"},"_links":{"self":[{"href":"https:\/\/zjarr.tv\/en\/wp-json\/wp\/v2\/posts\/180013","targetHints":{"allow":["GET"]}}],"collection":[{"href":"https:\/\/zjarr.tv\/en\/wp-json\/wp\/v2\/posts"}],"about":[{"href":"https:\/\/zjarr.tv\/en\/wp-json\/wp\/v2\/types\/post"}],"author":[{"embeddable":true,"href":"https:\/\/zjarr.tv\/en\/wp-json\/wp\/v2\/users\/2016"}],"replies":[{"embeddable":true,"href":"https:\/\/zjarr.tv\/en\/wp-json\/wp\/v2\/comments?post=180013"}],"version-history":[{"count":0,"href":"https:\/\/zjarr.tv\/en\/wp-json\/wp\/v2\/posts\/180013\/revisions"}],"wp:featuredmedia":[{"embeddable":true,"href":"https:\/\/zjarr.tv\/en\/wp-json\/wp\/v2\/media\/180015"}],"wp:attachment":[{"href":"https:\/\/zjarr.tv\/en\/wp-json\/wp\/v2\/media?parent=180013"}],"wp:term":[{"taxonomy":"category","embeddable":true,"href":"https:\/\/zjarr.tv\/en\/wp-json\/wp\/v2\/categories?post=180013"},{"taxonomy":"post_tag","embeddable":true,"href":"https:\/\/zjarr.tv\/en\/wp-json\/wp\/v2\/tags?post=180013"}],"curies":[{"name":"wp","href":"https:\/\/api.w.org\/{rel}","templated":true}]}}