{"id":180019,"date":"2021-04-28T10:19:54","date_gmt":"2021-04-28T08:19:54","guid":{"rendered":"https:\/\/zjarr.tv\/?p=180019"},"modified":"2021-04-28T10:19:54","modified_gmt":"2021-04-28T08:19:54","slug":"luljeta-bozo-dhe-najada-como-zhgenjejne-edi-ramen-nuk-arrijne-as-100-vota","status":"publish","type":"post","link":"https:\/\/zjarr.tv\/en\/luljeta-bozo-dhe-najada-como-zhgenjejne-edi-ramen-nuk-arrijne-as-100-vota\/","title":{"rendered":"Luljeta Bozo dhe Najada \u00c7omo zhg\u00ebnjejn\u00eb Edi Ram\u00ebn, nuk arrijn\u00eb as 100 vota\u2026"},"content":{"rendered":"<p>Luljeta Bozo dhe Najada \u00c7omo, dy prurjet e reja t\u00eb Edi Ram\u00ebs n\u00eb list\u00ebn e kandidat\u00ebve t\u00eb PS-s\u00eb, kan\u00eb marr\u00eb nj\u00eb num\u00ebr t\u00eb pak\u00ebt t\u00eb votave.<\/p>\n<p>Rama i quajti si jo zgjedhje t\u00eb rast\u00ebsishme, pasi kan\u00eb q\u00ebn\u00eb shum\u00eb t\u00eb r\u00ebnd\u00ebsishme 15 muajt e fundit, qytetar\u00ebt shqiptar\u00eb nuk i kan\u00eb \u201cvler\u00ebsuar\u201d aq sa duhet n\u00eb vota.<\/p>\n<p>Luljeta Bozo, ka marr\u00eb deri m\u00eb tani 89 vota, nd\u00ebrsa Najada \u00c7omo vet\u00ebm 33.<\/p>\n<p>Pas mbylljes s\u00eb num\u00ebrimit t\u00eb votave p\u00ebr subjektet politike n\u00eb shum\u00eb bashki t\u00eb vendit, sot do t\u00eb nis\u00eb zyrtarisht num\u00ebrimi i votave p\u00ebr kandidat\u00ebt.<\/p>","protected":false},"excerpt":{"rendered":"<p>Luljeta Bozo dhe Najada \u00c7omo, dy prurjet e reja t\u00eb Edi Ram\u00ebs n\u00eb list\u00ebn e kandidat\u00ebve t\u00eb PS-s\u00eb, kan\u00eb marr\u00eb nj\u00eb num\u00ebr t\u00eb pak\u00ebt t\u00eb votave. Rama i quajti si jo zgjedhje t\u00eb rast\u00ebsishme, pasi kan\u00eb q\u00ebn\u00eb shum\u00eb t\u00eb r\u00ebnd\u00ebsishme 15 muajt e fundit, qytetar\u00ebt shqiptar\u00eb nuk i kan\u00eb \u201cvler\u00ebsuar\u201d aq sa duhet n\u00eb vota. [&hellip;]<\/p>\n","protected":false},"author":2016,"featured_media":180021,"comment_status":"closed","ping_status":"closed","sticky":false,"template":"","format":"standard","meta":{"footnotes":""},"categories":[241,1454],"tags":[2720],"class_list":{"0":"post-180019","1":"post","2":"type-post","3":"status-publish","4":"format-standard","5":"has-post-thumbnail","7":"category-aktualitet","8":"category-politike","9":"tag-lajme-zjarr-bozo-dhe-como-zhgenjejne-ramen-zjarr-tv"},"_links":{"self":[{"href":"https:\/\/zjarr.tv\/en\/wp-json\/wp\/v2\/posts\/180019","targetHints":{"allow":["GET"]}}],"collection":[{"href":"https:\/\/zjarr.tv\/en\/wp-json\/wp\/v2\/posts"}],"about":[{"href":"https:\/\/zjarr.tv\/en\/wp-json\/wp\/v2\/types\/post"}],"author":[{"embeddable":true,"href":"https:\/\/zjarr.tv\/en\/wp-json\/wp\/v2\/users\/2016"}],"replies":[{"embeddable":true,"href":"https:\/\/zjarr.tv\/en\/wp-json\/wp\/v2\/comments?post=180019"}],"version-history":[{"count":0,"href":"https:\/\/zjarr.tv\/en\/wp-json\/wp\/v2\/posts\/180019\/revisions"}],"wp:featuredmedia":[{"embeddable":true,"href":"https:\/\/zjarr.tv\/en\/wp-json\/wp\/v2\/media\/180021"}],"wp:attachment":[{"href":"https:\/\/zjarr.tv\/en\/wp-json\/wp\/v2\/media?parent=180019"}],"wp:term":[{"taxonomy":"category","embeddable":true,"href":"https:\/\/zjarr.tv\/en\/wp-json\/wp\/v2\/categories?post=180019"},{"taxonomy":"post_tag","embeddable":true,"href":"https:\/\/zjarr.tv\/en\/wp-json\/wp\/v2\/tags?post=180019"}],"curies":[{"name":"wp","href":"https:\/\/api.w.org\/{rel}","templated":true}]}}