{"id":180028,"date":"2021-04-28T10:55:40","date_gmt":"2021-04-28T08:55:40","guid":{"rendered":"https:\/\/zjarr.tv\/?p=180028"},"modified":"2021-04-28T10:55:40","modified_gmt":"2021-04-28T08:55:40","slug":"83-mije-votat-e-pavlefshme-tirana-mban-rekord-ja-si-ndahen-qarqet","status":"publish","type":"post","link":"https:\/\/zjarr.tv\/en\/83-mije-votat-e-pavlefshme-tirana-mban-rekord-ja-si-ndahen-qarqet\/","title":{"rendered":"83 mij\u00eb votat e pavlefshme\/ Tirana mban rekord\/ Ja si ndahen Qarqet\u2026"},"content":{"rendered":"<p>Deri m\u00eb tani, n\u00eb Zgjedhjet e 25 Prillit n\u00eb Shqip\u00ebri, jan\u00eb regjistruar 83 mij\u00eb e 19 vota t\u00eb pavlefshme. Tirana kryeson p\u00ebr vota t\u00eb pavlefshme me 18 mij\u00eb e 442 vota, ndjekur nga Elbasani me 9 mij\u00eb e 772 vota dhe Fieri me 9 mij\u00eb e 375 vota. Po ashtu edhe n\u00eb Durr\u00ebs, ka 7 mij\u00eb e 808 vota dhe Kor\u00e7a me 7 mij\u00eb e 356 vota. M\u00eb pak vota t\u00eb pavlefshme kan\u00eb Kuk\u00ebsi dhe Gjirokastra.<\/p>\n<p>Tirana- 18 mij\u00eb e 442 vota<\/p>\n<p>Durr\u00ebsi- 7 mij\u00eb e 808 vota<\/p>\n<p>Lezh\u00eb- 4 mij\u00eb e 946 vota<\/p>\n<p>Dib\u00ebr- 4 mij\u00eb e 686 vota<\/p>\n<p>Shkod\u00ebr- 6 mij\u00eb e 11 vota<\/p>\n<p>Kuk\u00ebsi- 2 mij\u00eb e 188 vota<\/p>\n<p>Elbasan- 9 mij\u00eb e 775 vota<\/p>\n<p>Fier- 9 mij\u00eb e 375 vota<\/p>\n<p>Berat- 5 mij\u00eb e 292 vota<\/p>\n<p>Kor\u00e7\u00eb- 7 mij\u00eb e 353 vota<\/p>\n<p>Gjirokast\u00ebr- 2 mij\u00eb e 310 vota<\/p>\n<p>Vlor\u00eb- 4 mij\u00eb e 730 vota<\/p>","protected":false},"excerpt":{"rendered":"<p>Deri m\u00eb tani, n\u00eb Zgjedhjet e 25 Prillit n\u00eb Shqip\u00ebri, jan\u00eb regjistruar 83 mij\u00eb e 19 vota t\u00eb pavlefshme. Tirana kryeson p\u00ebr vota t\u00eb pavlefshme me 18 mij\u00eb e 442 vota, ndjekur nga Elbasani me 9 mij\u00eb e 772 vota dhe Fieri me 9 mij\u00eb e 375 vota. Po ashtu edhe n\u00eb Durr\u00ebs, ka 7 [&hellip;]<\/p>\n","protected":false},"author":2016,"featured_media":180030,"comment_status":"closed","ping_status":"closed","sticky":false,"template":"","format":"standard","meta":{"footnotes":""},"categories":[241,231,1454,235],"tags":[2723],"class_list":{"0":"post-180028","1":"post","2":"type-post","3":"status-publish","4":"format-standard","5":"has-post-thumbnail","7":"category-aktualitet","8":"category-lajme","9":"category-politike","10":"category-vendi","11":"tag-lajme-zjarr-83-mije-votat-e-pavlefshme-zjarr-tv"},"_links":{"self":[{"href":"https:\/\/zjarr.tv\/en\/wp-json\/wp\/v2\/posts\/180028","targetHints":{"allow":["GET"]}}],"collection":[{"href":"https:\/\/zjarr.tv\/en\/wp-json\/wp\/v2\/posts"}],"about":[{"href":"https:\/\/zjarr.tv\/en\/wp-json\/wp\/v2\/types\/post"}],"author":[{"embeddable":true,"href":"https:\/\/zjarr.tv\/en\/wp-json\/wp\/v2\/users\/2016"}],"replies":[{"embeddable":true,"href":"https:\/\/zjarr.tv\/en\/wp-json\/wp\/v2\/comments?post=180028"}],"version-history":[{"count":0,"href":"https:\/\/zjarr.tv\/en\/wp-json\/wp\/v2\/posts\/180028\/revisions"}],"wp:featuredmedia":[{"embeddable":true,"href":"https:\/\/zjarr.tv\/en\/wp-json\/wp\/v2\/media\/180030"}],"wp:attachment":[{"href":"https:\/\/zjarr.tv\/en\/wp-json\/wp\/v2\/media?parent=180028"}],"wp:term":[{"taxonomy":"category","embeddable":true,"href":"https:\/\/zjarr.tv\/en\/wp-json\/wp\/v2\/categories?post=180028"},{"taxonomy":"post_tag","embeddable":true,"href":"https:\/\/zjarr.tv\/en\/wp-json\/wp\/v2\/tags?post=180028"}],"curies":[{"name":"wp","href":"https:\/\/api.w.org\/{rel}","templated":true}]}}