{"id":180032,"date":"2021-04-28T11:19:07","date_gmt":"2021-04-28T09:19:07","guid":{"rendered":"https:\/\/zjarr.tv\/?p=180032"},"modified":"2021-04-28T11:19:07","modified_gmt":"2021-04-28T09:19:07","slug":"edi-rama-3-here-me-shume-pune-per-tju-kthyer-borxhin-ku-me-futet-me-25-prill","status":"publish","type":"post","link":"https:\/\/zjarr.tv\/en\/edi-rama-3-here-me-shume-pune-per-tju-kthyer-borxhin-ku-me-futet-me-25-prill\/","title":{"rendered":"Edi Rama: 3 her\u00eb m\u00eb shum\u00eb pun\u00eb p\u00ebr t\u2019ju kthyer borxhin ku m\u00eb fut\u00ebt m\u00eb 25 Prill\u2026"},"content":{"rendered":"<p>Pasi ka p\u00ebrfunduar num\u00ebrimi i votave n\u00eb t\u00eb gjith\u00eb vendin dhe Partia Socialiste ka dal\u00eb fituese me 74 mandate n\u00eb Zgjedhjet e 25 Prillit, Kryeministri, Edi Rama m\u00ebngjesin e sot\u00ebm, e ka nisur me nj\u00eb video t\u00eb publikuar nga Fush\u00eb-Kruja.<\/p>\n<p>N\u00eb video Rama publikon pamje nga sht\u00ebpit\u00eb e rind\u00ebrtuara nga ngjarja e \u00a026 n\u00ebntorit 2019-tw, ku b\u00ebn me dije se jan\u00eb rind\u00ebrtuar 15 pallate, 100 apartamente 167 sht\u00ebpi. Po ashtu ai thot\u00eb se jan\u00eb nd\u00ebrtuar \u00e7erdhe, kop\u00ebshte, shkolla e q\u00ebndra sh\u00ebndet\u00ebsore.<\/p>\n<p>Nd\u00ebrkoh\u00eb, krahas videos ai shkruan se n\u00eb k\u00ebt\u00eb mandat t\u00eb tret\u00eb do t\u00eb ket\u00eb 3 her\u00eb m\u00eb shum\u00eb pun\u00eb, p\u00ebr t\u2019ju kthyer sadopak borxhin shqiptar\u00ebve q\u00eb e votuan.<\/p>\n<p>\u201cDhe tani 3 her\u00eb m\u00eb shum\u00eb pun\u00eb, p\u00ebr t\u2019ju kthyer sadopak borxhin e madh ku m\u00eb fut\u00ebt t\u00eb diel\u00ebn e bukur t\u00eb 25 prillit.\u201d shkruan Rama<\/p>","protected":false},"excerpt":{"rendered":"<p>Pasi ka p\u00ebrfunduar num\u00ebrimi i votave n\u00eb t\u00eb gjith\u00eb vendin dhe Partia Socialiste ka dal\u00eb fituese me 74 mandate n\u00eb Zgjedhjet e 25 Prillit, Kryeministri, Edi Rama m\u00ebngjesin e sot\u00ebm, e ka nisur me nj\u00eb video t\u00eb publikuar nga Fush\u00eb-Kruja. N\u00eb video Rama publikon pamje nga sht\u00ebpit\u00eb e rind\u00ebrtuara nga ngjarja e \u00a026 n\u00ebntorit 2019-tw, [&hellip;]<\/p>\n","protected":false},"author":2016,"featured_media":180034,"comment_status":"closed","ping_status":"closed","sticky":false,"template":"","format":"standard","meta":{"footnotes":""},"categories":[241],"tags":[2724],"class_list":{"0":"post-180032","1":"post","2":"type-post","3":"status-publish","4":"format-standard","5":"has-post-thumbnail","7":"category-aktualitet","8":"tag-lajme-zjarr-rama-do-punoj-shume-per-tju-kthyer-borxhin-zjarr-tv"},"_links":{"self":[{"href":"https:\/\/zjarr.tv\/en\/wp-json\/wp\/v2\/posts\/180032","targetHints":{"allow":["GET"]}}],"collection":[{"href":"https:\/\/zjarr.tv\/en\/wp-json\/wp\/v2\/posts"}],"about":[{"href":"https:\/\/zjarr.tv\/en\/wp-json\/wp\/v2\/types\/post"}],"author":[{"embeddable":true,"href":"https:\/\/zjarr.tv\/en\/wp-json\/wp\/v2\/users\/2016"}],"replies":[{"embeddable":true,"href":"https:\/\/zjarr.tv\/en\/wp-json\/wp\/v2\/comments?post=180032"}],"version-history":[{"count":0,"href":"https:\/\/zjarr.tv\/en\/wp-json\/wp\/v2\/posts\/180032\/revisions"}],"wp:featuredmedia":[{"embeddable":true,"href":"https:\/\/zjarr.tv\/en\/wp-json\/wp\/v2\/media\/180034"}],"wp:attachment":[{"href":"https:\/\/zjarr.tv\/en\/wp-json\/wp\/v2\/media?parent=180032"}],"wp:term":[{"taxonomy":"category","embeddable":true,"href":"https:\/\/zjarr.tv\/en\/wp-json\/wp\/v2\/categories?post=180032"},{"taxonomy":"post_tag","embeddable":true,"href":"https:\/\/zjarr.tv\/en\/wp-json\/wp\/v2\/tags?post=180032"}],"curies":[{"name":"wp","href":"https:\/\/api.w.org\/{rel}","templated":true}]}}