{"id":180035,"date":"2021-04-28T11:33:38","date_gmt":"2021-04-28T09:33:38","guid":{"rendered":"https:\/\/zjarr.tv\/?p=180035"},"modified":"2021-04-28T11:37:06","modified_gmt":"2021-04-28T09:37:06","slug":"analistet-komentojne-letren-e-thacit-per-ramen-ai-nuk-din-me-shkru-ashtu","status":"publish","type":"post","link":"https:\/\/zjarr.tv\/en\/analistet-komentojne-letren-e-thacit-per-ramen-ai-nuk-din-me-shkru-ashtu\/","title":{"rendered":"Analist\u00ebt komentojn\u00eb letr\u00ebn e Tha\u00e7it p\u00ebr Ram\u00ebn: Ai nuk din me shkru ashtu, sa let\u00ebr t\u00eb bukur i paska d\u00ebrguar Rama vetes&#8230;"},"content":{"rendered":"<p>Analisti Rron Gjinovci, ka komentuar letr\u00ebn q\u00eb ish-presidenti i vendit, Hashim Tha\u00e7i, q\u00eb i ka d\u00ebrguar Kryeministrit t\u00eb Shqip\u00ebris\u00eb, Edi Rama. Gjinovci ka qen\u00eb skeptik p\u00ebr p\u00ebrmbajtjen e letr\u00ebs, duke th\u00ebn\u00eb se ish-presidenti, nuk arrin t\u00eb shkruaj\u00eb n\u00eb at\u00eb form\u00eb, raporton Gazeta Express. <em>\u201cT\u00eb gjith\u00eb e dim\u00eb q\u00eb Tha\u00e7i s\u2019din me shkru ashtu. Hajt mos u boni patetik tu pretendu q\u00eb s\u2019pe dini\u201d<\/em>, ka shkruar Gjinovci n\u00eb Facebook. Edhe analistja kosovare, Kimete Berisha shkruan:<em> &#8220;Nj\u00ebher\u00eb thashq: sa let\u00ebr t\u00eb bukur urimi i paska d\u00ebrguar Rama vetes\u201d!!!\u00a0<\/em><\/p>\n<p>Tha\u00e7i n\u00eb letr\u00ebn e tij, nd\u00ebr t\u00eb tjera, i ka k\u00ebrkuar Rames q\u00eb t\u00eb vazhdoj\u00eb t\u00eb kujdeset p\u00ebr Shqip\u00ebrin\u00eb dhe p\u00ebr Kosov\u00ebn gjithashtu, duke th\u00ebn\u00eb se kur ai kujdeset p\u00ebr Kosov\u00ebn, kujdeset p\u00ebr shqiptar\u00ebt.<\/p>\n<p><strong>LETRA<\/strong><\/p>\n<p>V\u00eblla Edi,<br \/>\nDhomat e ngushta e muret e qelis\u00eb s\u00eb Hag\u00ebs nuk e p\u00ebrmbajn\u00eb dot shp\u00ebrthimin e entuziazmit tim p\u00ebr fitoren t\u00ebnde. Entuziaz\u00ebm ky q\u00eb v\u00ebshtir\u00eb gjen vend n\u00eb zymt\u00ebsin\u00eb e vetmis\u00eb s\u00eb dit\u00ebve t\u00eb burgut. Por, si rrall\u00eb her\u00eb koh\u00ebve t\u00eb fundit, sot jam i lumtur dhe i qet\u00eb p\u00ebr fitoren t\u00ebnde, v\u00ebllau im. Sot, dielli ngrohte zemr\u00ebn e Shqiptarit brenda meje.<br \/>\nSot, p\u00ebr Shqip\u00ebrin\u00eb kam mall, dashuri, e nostalgji. Sot, si jo-rrall\u00eb her\u00eb koh\u00ebve t\u00eb fundit, u fundosa i buz\u00ebqeshur n\u00eb dallg\u00ebt e kujtimeve t\u00eb lavdishme. U kujtova p\u00ebr ata q\u00eb luftuan me mua, ata q\u00eb ran\u00eb q\u00eb lirin\u00eb ta sjellin mes nesh, dhe krejt at\u00eb \u00e7ka idealizuam aq shum\u00eb p\u00ebr Shqip\u00ebrin\u00eb, sa u betuam t\u00eb jepnim edhe jet\u00ebn p\u00ebr \u00e7lirimin dhe bashkimin e trojeve Shqiptare. Ky ishte betimi im dhe i shok\u00ebve t\u00eb mi si ushtar\u00eb t\u00eb U\u00c7K-s\u00eb, betim e luft\u00eb q\u00eb sot m\u00eb mban t\u00eb q\u00ebndroj kok\u00eb-lart\u00eb e me nd\u00ebrgjegje qet\u00ebsisht t\u00eb past\u00ebr p\u00ebrball\u00eb t\u00eb panjohur\u00ebs.<\/p>\n<p>Me gjith\u00eb nd\u00ebrgjegjen e past\u00ebr e luft\u00ebn e dinjitetshme p\u00ebr t\u2019u bashkuar me Shqip\u00ebrin\u00eb, mu kujtua se vet\u00ebm at\u00ebher\u00eb kur Kosova u \u00e7lirua, ne e kuptuam se bashkimi ishte larg dhe i pamundsh\u00ebm. Shqip\u00ebria e poezive dhe librave ishte d\u00ebshir\u00eb e ideal, e jo pasqyr\u00eb e realitetit t\u00eb koh\u00ebs. Un\u00eb edhe kam luftuar p\u00ebr k\u00ebt\u2019 ideal me Kosov\u00ebn brenda Shqip\u00ebris\u00eb. Kur mund\u00ebsit\u00eb u kufizuan, un\u00eb luftova p\u00ebr Kosov\u00ebn shtet &#8211; krenarin\u00eb e jet\u00ebs time.<br \/>\nJam munduar shum\u00eb p\u00ebr Kosov\u00ebn, por edhe kam gabuar &#8211; dikur me entuziazmin e idealistit, e m\u00eb von\u00eb me arroganc\u00ebn e pushtetarit.<br \/>\nAma, v\u00ebllau im Edi, kurr\u00eb s\u2019kam gabuar me raportin t\u00eb cilin kemi krijuar bashk\u00eb.<\/p>\n<p>Ti je v\u00eblla i dit\u00ebve t\u00eb v\u00ebshtira, e shok i dit\u00ebve t\u00eb bukura. Je Kryeministri i Shqip\u00ebris\u00eb q\u00eb idealizova, dhe v\u00ebllau shqiptar p\u00ebr t\u00eb cilin me entuziaz\u00ebm luftova. Sot, Shqip\u00ebria q\u00eb ti aq shum\u00eb punove ta nd\u00ebrtosh, \u00ebsht\u00eb Shqip\u00ebria p\u00ebr t\u00eb cil\u00ebn dikur u betova t\u00eb luftoj. \u00cbsht\u00eb Shqip\u00ebria e poezive t\u00eb Naimit &#8211; Shqip\u00ebria me malet e bukura e lisat e gjat\u00eb q\u00eb sot, n\u00eb tavanin e qelis\u00eb s\u00eb burgut, m\u00eb vizatohen e m\u00eb rrin n\u2019mend dit\u2019 e nat\u00eb. Pra, v\u00ebllau im Edi, ti q\u00eb b\u00ebre Shqip\u00ebrin\u00eb t\u00eb cil\u00ebn e idealizova si i ri e u betova si ushtar, po t\u00eb them i bindur se fitoren t\u00ebnde e g\u00ebzojn\u00eb shqiptar\u00ebt. Me ta, u g\u00ebzova edhe un\u00eb pa mas\u00eb.<br \/>\nPrandaj, me librat q\u00eb m\u00eb shoq\u00ebrojn\u00eb n\u00eb vetmin\u00eb e k\u00ebtyre dit\u00ebve ku koha refuzon t\u00eb nxitoj\u00eb, un\u00eb t\u00eb p\u00ebrqafoj dhe uroj v\u00ebllaz\u00ebrisht nga larg p\u00ebr shkak t\u00eb pamund\u00ebsis\u00eb p\u00ebr t\u00eb festuar bashk\u00eb. \u00cbsht\u00eb e sh\u00ebmtuar q\u00eb nuk mund t\u00eb jem aty, por p\u00ebrtej afshit revolucionar t\u00eb kujtimeve t\u00eb mia si ushtar dhe pragmatizmit prej politikani q\u00eb m\u2019godet her\u00eb-pas-here n\u00eb form\u00eb kujtimesh, sot nuk t\u00eb uroj si miku me t\u00eb cilin ndave copa t\u00eb rrug\u00ebtimit politik, por si v\u00ebllaut tim nga gjaku.<\/p>\n<p>Me shpres\u00ebn q\u00eb do t\u00eb mund t\u00eb takohemi p\u00ebrs\u00ebri duke frymuar n\u00ebn qiellin e bukur dhe diellin q\u00eb ngroh Shqip\u00ebrin\u00eb dhe Kosov\u00ebn, po t\u00eb uroj t\u00eb vazhdosh t\u00eb jap\u00ebsh gjith\u00e7ka nga shpirti yt p\u00ebr Shqip\u00ebrin\u00eb. Kjo sepse edhe kur n\u00eb dit\u00ebt ku drita e diellit nuk dep\u00ebrton n\u00eb muret e mbyllura t\u00eb qelis\u00eb, dielli ngroh zemr\u00ebn time vet\u00ebm at\u2019her\u00eb kur Shqip\u00ebria dhe Kosova jan\u00eb mir\u00eb.<br \/>\nSot Shqip\u00ebria fitoi! Sot shqiptar\u00ebt jan\u00eb mir\u00eb. Kujdesu p\u00ebr Shqip\u00ebrin\u00eb, vlla, dhe mos harro q\u00eb t\u2019kujdesesh edhe p\u00ebr Kosov\u00ebn. Kur ti kujdesesh p\u00ebr Kosov\u00ebn, ti kujdesesh edhe p\u00ebr shqiptar\u00ebt.<br \/>\nMe dashuri,<br \/>\nV\u00ebllau yt,<br \/>\nHashimi.<\/p>","protected":false},"excerpt":{"rendered":"<p>Analisti Rron Gjinovci, ka komentuar letr\u00ebn q\u00eb ish-presidenti i vendit, Hashim Tha\u00e7i, q\u00eb i ka d\u00ebrguar Kryeministrit t\u00eb Shqip\u00ebris\u00eb, Edi Rama. Gjinovci ka qen\u00eb skeptik p\u00ebr p\u00ebrmbajtjen e letr\u00ebs, duke th\u00ebn\u00eb se ish-presidenti, nuk arrin t\u00eb shkruaj\u00eb n\u00eb at\u00eb form\u00eb, raporton Gazeta Express. \u201cT\u00eb gjith\u00eb e dim\u00eb q\u00eb Tha\u00e7i s\u2019din me shkru ashtu. Hajt mos [&hellip;]<\/p>\n","protected":false},"author":2016,"featured_media":180037,"comment_status":"closed","ping_status":"closed","sticky":false,"template":"","format":"standard","meta":{"footnotes":""},"categories":[241],"tags":[2725],"class_list":{"0":"post-180035","1":"post","2":"type-post","3":"status-publish","4":"format-standard","5":"has-post-thumbnail","7":"category-aktualitet","8":"tag-lajme-zjarr-letra-e-thacit-per-ramen-zjarr-tv"},"_links":{"self":[{"href":"https:\/\/zjarr.tv\/en\/wp-json\/wp\/v2\/posts\/180035","targetHints":{"allow":["GET"]}}],"collection":[{"href":"https:\/\/zjarr.tv\/en\/wp-json\/wp\/v2\/posts"}],"about":[{"href":"https:\/\/zjarr.tv\/en\/wp-json\/wp\/v2\/types\/post"}],"author":[{"embeddable":true,"href":"https:\/\/zjarr.tv\/en\/wp-json\/wp\/v2\/users\/2016"}],"replies":[{"embeddable":true,"href":"https:\/\/zjarr.tv\/en\/wp-json\/wp\/v2\/comments?post=180035"}],"version-history":[{"count":0,"href":"https:\/\/zjarr.tv\/en\/wp-json\/wp\/v2\/posts\/180035\/revisions"}],"wp:featuredmedia":[{"embeddable":true,"href":"https:\/\/zjarr.tv\/en\/wp-json\/wp\/v2\/media\/180037"}],"wp:attachment":[{"href":"https:\/\/zjarr.tv\/en\/wp-json\/wp\/v2\/media?parent=180035"}],"wp:term":[{"taxonomy":"category","embeddable":true,"href":"https:\/\/zjarr.tv\/en\/wp-json\/wp\/v2\/categories?post=180035"},{"taxonomy":"post_tag","embeddable":true,"href":"https:\/\/zjarr.tv\/en\/wp-json\/wp\/v2\/tags?post=180035"}],"curies":[{"name":"wp","href":"https:\/\/api.w.org\/{rel}","templated":true}]}}