{"id":180046,"date":"2021-04-28T12:31:10","date_gmt":"2021-04-28T10:31:10","guid":{"rendered":"https:\/\/zjarr.tv\/?p=180046"},"modified":"2021-04-28T12:31:10","modified_gmt":"2021-04-28T10:31:10","slug":"kryemadhi-i-kerkoi-falje-meta-zbulon-daten-kur-do-te-rikthehet-ne-lsi-nuk-jep-doreheqjen-si-president","status":"publish","type":"post","link":"https:\/\/zjarr.tv\/en\/kryemadhi-i-kerkoi-falje-meta-zbulon-daten-kur-do-te-rikthehet-ne-lsi-nuk-jep-doreheqjen-si-president\/","title":{"rendered":"Kryemadhi i k\u00ebrkoi falje, Meta zbulon dat\u00ebn kur do t\u00eb rikthehet n\u00eb LSI, nuk jep dor\u00ebheqjen si President\u2026"},"content":{"rendered":"<p style=\"line-height: 19.5pt; background: white; margin: 0in 0in 18.75pt 0in;\"><span style=\"color: #2c2f34;\">Tedi Blushi:<\/span><\/p>\n<p style=\"line-height: 19.5pt; background: white; outline: none; box-sizing: border-box; font-variant-ligatures: normal; font-variant-caps: normal; orphans: 2; text-align: start; widows: 2; -webkit-text-stroke-width: 0px; text-decoration-thickness: initial; text-decoration-style: initial; text-decoration-color: initial; word-spacing: 0px; margin: 0in 0in 18.75pt 0in;\"><span style=\"color: #2c2f34;\">Presidenti i Republik\u00ebs, Sh.T.Z Ilir Meta falenderon Kryetaren e LSI, znj.Monika Kryemadhi p\u00ebr reflektimin e saj, lidhur me l\u00ebnien e mandateve dhe bojkotin e zgjedhjeve vendore, q\u00eb e mbifuqizuan pushtetin e Kryeministrit dhe i leht\u00ebsuan b\u00ebrjen e shum\u00eb ligjeve korruptive me porosi dhe n\u00eb interes vet\u00ebm t\u00eb oligark\u00ebve dhe blerjes s\u00eb zgjedhjeve.<\/span><\/p>\n<p style=\"line-height: 19.5pt; background: white; outline: none; box-sizing: border-box; font-variant-ligatures: normal; font-variant-caps: normal; orphans: 2; text-align: start; widows: 2; -webkit-text-stroke-width: 0px; text-decoration-thickness: initial; text-decoration-style: initial; text-decoration-color: initial; word-spacing: 0px; margin: 0in 0in 18.75pt 0in;\"><span style=\"color: #2c2f34;\">Presidenti Meta vler\u00ebson fushat\u00ebn e ndershme dhe model t\u00eb LSI dhe sidomos rreth 110 mij\u00eb qytetar\u00ebt, t\u00eb cil\u00ebt i rezistuan presionit t\u00eb bandave, survejimit dhe presioneve policore.<\/span><\/p>\n<p style=\"line-height: 19.5pt; background: white; outline: none; box-sizing: border-box; font-variant-ligatures: normal; font-variant-caps: normal; orphans: 2; text-align: start; widows: 2; -webkit-text-stroke-width: 0px; text-decoration-thickness: initial; text-decoration-style: initial; text-decoration-color: initial; word-spacing: 0px; margin: 0in 0in 18.75pt 0in;\"><span style=\"color: #2c2f34;\">Presidenti Meta, shpreh keqardhjen p\u00ebr tjet\u00ebrsimin masiv t\u00eb votave, por kjo ishte e pritshme, p\u00ebr m\u00eb tep\u00ebr, q\u00eb nuk u morr\u00ebn masat e duhura p\u00ebr parandalimin e k\u00ebtij krimi t\u00eb r\u00ebnd\u00eb zgjedhor.<\/span><\/p>\n<p style=\"line-height: 19.5pt; background: white; outline: none; box-sizing: border-box; font-variant-ligatures: normal; font-variant-caps: normal; orphans: 2; text-align: start; widows: 2; -webkit-text-stroke-width: 0px; text-decoration-thickness: initial; text-decoration-style: initial; text-decoration-color: initial; word-spacing: 0px; margin: 0in 0in 18.75pt 0in;\"><span style=\"color: #2c2f34;\">Presidenti Meta, n\u00eb respekt t\u00eb sakrificave p\u00ebr demokracin\u00eb, q\u00eb ka b\u00ebr\u00eb LSI, i njofton t\u00eb gjith\u00eb an\u00ebtar\u00ebt dhe simpatizant\u00ebt e saj se m\u00eb 24 korrik 2022 do t\u00eb rikthehet p\u00ebr t\u00eb marr\u00eb kart\u00ebn e an\u00ebtar\u00ebsis\u00eb s\u00eb LSI dhe do t\u2019u bashkohet p\u00ebrpjekjeve t\u00eb t\u00eb rinjve dhe t\u00eb rejave, p\u00ebr Shqip\u00ebrin\u00eb e Shqiptar\u00ebve.<\/span><\/p>","protected":false},"excerpt":{"rendered":"<p>Tedi Blushi: Presidenti i Republik\u00ebs, Sh.T.Z Ilir Meta falenderon Kryetaren e LSI, znj.Monika Kryemadhi p\u00ebr reflektimin e saj, lidhur me l\u00ebnien e mandateve dhe bojkotin e zgjedhjeve vendore, q\u00eb e mbifuqizuan pushtetin e Kryeministrit dhe i leht\u00ebsuan b\u00ebrjen e shum\u00eb ligjeve korruptive me porosi dhe n\u00eb interes vet\u00ebm t\u00eb oligark\u00ebve dhe blerjes s\u00eb zgjedhjeve. Presidenti [&hellip;]<\/p>\n","protected":false},"author":2016,"featured_media":180048,"comment_status":"closed","ping_status":"closed","sticky":false,"template":"","format":"standard","meta":{"footnotes":""},"categories":[241],"tags":[2728],"class_list":{"0":"post-180046","1":"post","2":"type-post","3":"status-publish","4":"format-standard","5":"has-post-thumbnail","7":"category-aktualitet","8":"tag-lajme-zjarr-meta-nuk-jep-doreheqjen-si-president-zjarr-tv"},"_links":{"self":[{"href":"https:\/\/zjarr.tv\/en\/wp-json\/wp\/v2\/posts\/180046","targetHints":{"allow":["GET"]}}],"collection":[{"href":"https:\/\/zjarr.tv\/en\/wp-json\/wp\/v2\/posts"}],"about":[{"href":"https:\/\/zjarr.tv\/en\/wp-json\/wp\/v2\/types\/post"}],"author":[{"embeddable":true,"href":"https:\/\/zjarr.tv\/en\/wp-json\/wp\/v2\/users\/2016"}],"replies":[{"embeddable":true,"href":"https:\/\/zjarr.tv\/en\/wp-json\/wp\/v2\/comments?post=180046"}],"version-history":[{"count":0,"href":"https:\/\/zjarr.tv\/en\/wp-json\/wp\/v2\/posts\/180046\/revisions"}],"wp:featuredmedia":[{"embeddable":true,"href":"https:\/\/zjarr.tv\/en\/wp-json\/wp\/v2\/media\/180048"}],"wp:attachment":[{"href":"https:\/\/zjarr.tv\/en\/wp-json\/wp\/v2\/media?parent=180046"}],"wp:term":[{"taxonomy":"category","embeddable":true,"href":"https:\/\/zjarr.tv\/en\/wp-json\/wp\/v2\/categories?post=180046"},{"taxonomy":"post_tag","embeddable":true,"href":"https:\/\/zjarr.tv\/en\/wp-json\/wp\/v2\/tags?post=180046"}],"curies":[{"name":"wp","href":"https:\/\/api.w.org\/{rel}","templated":true}]}}