{"id":180055,"date":"2021-04-28T13:43:26","date_gmt":"2021-04-28T11:43:26","guid":{"rendered":"https:\/\/zjarr.tv\/?p=180055"},"modified":"2021-04-28T13:43:26","modified_gmt":"2021-04-28T11:43:26","slug":"perplasja-e-xhaferrit-me-dakon-reagon-edi-paloka-ai-eshte-kryetari-real-i-ps-se-ne-durres-do-vazhdojme-te-luftojme-per-demokracine","status":"publish","type":"post","link":"https:\/\/zjarr.tv\/en\/perplasja-e-xhaferrit-me-dakon-reagon-edi-paloka-ai-eshte-kryetari-real-i-ps-se-ne-durres-do-vazhdojme-te-luftojme-per-demokracine\/","title":{"rendered":"P\u00ebrplasja e Xhaferrit me Dakon, reagon Edi Paloka: Ai \u00ebsht\u00eb kryetari real i PS-s\u00eb n\u00eb Durr\u00ebs, do vazhdojm\u00eb t\u00eb luftojm\u00eb p\u00ebr demokracin\u00eb"},"content":{"rendered":"<p>Kandidati p\u00ebr deputet i PD-s\u00eb n\u00eb Durr\u00ebs, Edi Paloka ka reaguar p\u00ebr p\u00ebrplasjen e Ferdinand Xhaferrit me Vangjush Dakon.<\/p>\n<p>P\u00ebrmes nj\u00eb deklarate p\u00ebr mediat, ai ka th\u00ebn\u00eb se Dako, si njeriu m\u00eb i af\u00ebrt i Ram\u00ebs n\u00eb Durr\u00ebs provokoi dhe fyeu Xhaferrin.<\/p>\n<p>Sipas Palok\u00ebs, Vangjush Dako \u00ebsht\u00eb kryetari real i PS-s\u00eb n\u00eb zgjedhjet e Durr\u00ebsit. Ai \u00ebsht\u00eb shprehur se do t\u00eb vazhdoj\u00eb t\u00eb luftoj\u00eb p\u00ebr demokracin\u00eb.<\/p>\n<p><strong>Deklarata e Edi Palok\u00ebs:<\/strong><\/p>\n<p><em>Edi Rama ka bashk\u0451punuar dhe vazhdon t\u0451 bashk\u0451punoj\u0451 hapur me p\u0451rfaq\u0451sues t\u0451 krimit.<\/em><\/p>\n<p><em>Vangjush Dako, njeriu m\u0451 i af\u0451rt i Ram\u0451s n\u0451 Durr\u0451s, n\u0451 list\u0451n e Departamentit t\u0451 Shtetit Amerikan si figura m\u0451 e korruptuar dhe e lidhur me krimin n\u0451 Shqip\u0451ri, provokoi dhe fyeu kryetarin e Partis\u0451 Demokratike n\u0451 Durr\u0451s, Z. Ferdinand Xhaferri. Ngjarja ndodhi n\u0451 ambjentet e Pallatit t\u0451 Sportit n\u0451, ku num\u0451roheshin votat e KZAZ 21 n\u0451 Durr\u0451s. I shpallur non-grata nga SHBA, Dako nuk ka hezituar asnj\u0451 moment t\u00eb tregoj\u00eb se ai \u0451sht\u0451 kryetari real i PS-s\u00eb n\u00eb zgjedhjet e Durr\u0451sit.<\/em><\/p>\n<p><em>Sot fryma e ndryshimit \u0451sht\u0451 m\u0451 e madhe se asnj\u0451her\u0451 tjet\u0451r. Ne jemi m\u0451 t\u0451 fort\u0451 dhe m\u0451 t\u0451 vendosur se kurr\u0451 dhe me vendosm\u0451ri ne do t\u0451 luftojm\u0451 \u00e7do dit\u0451 p\u0451r t\u0451 mbrojtur demokracin\u0451 dhe p\u00ebr t\u00eb sjell\u00eb s\u0451 bashku nj\u0451 t\u0451 ardhme m\u0451 t\u0451 mir\u0451 p\u0451r vendin ton\u0451.<\/em><\/p>\n<p><em>Ne do t\u0451 vazhdojm\u0451 t\u0451 luftojm\u0451 derisa demokracia t\u0451 fitoj\u0451.<\/em><\/p>","protected":false},"excerpt":{"rendered":"<p>Kandidati p\u00ebr deputet i PD-s\u00eb n\u00eb Durr\u00ebs, Edi Paloka ka reaguar p\u00ebr p\u00ebrplasjen e Ferdinand Xhaferrit me Vangjush Dakon. P\u00ebrmes nj\u00eb deklarate p\u00ebr mediat, ai ka th\u00ebn\u00eb se Dako, si njeriu m\u00eb i af\u00ebrt i Ram\u00ebs n\u00eb Durr\u00ebs provokoi dhe fyeu Xhaferrin. Sipas Palok\u00ebs, Vangjush Dako \u00ebsht\u00eb kryetari real i PS-s\u00eb n\u00eb zgjedhjet e Durr\u00ebsit. [&hellip;]<\/p>\n","protected":false},"author":2030,"featured_media":180056,"comment_status":"closed","ping_status":"closed","sticky":false,"template":"","format":"standard","meta":{"footnotes":""},"categories":[241,1454],"tags":[],"class_list":{"0":"post-180055","1":"post","2":"type-post","3":"status-publish","4":"format-standard","5":"has-post-thumbnail","7":"category-aktualitet","8":"category-politike"},"_links":{"self":[{"href":"https:\/\/zjarr.tv\/en\/wp-json\/wp\/v2\/posts\/180055","targetHints":{"allow":["GET"]}}],"collection":[{"href":"https:\/\/zjarr.tv\/en\/wp-json\/wp\/v2\/posts"}],"about":[{"href":"https:\/\/zjarr.tv\/en\/wp-json\/wp\/v2\/types\/post"}],"author":[{"embeddable":true,"href":"https:\/\/zjarr.tv\/en\/wp-json\/wp\/v2\/users\/2030"}],"replies":[{"embeddable":true,"href":"https:\/\/zjarr.tv\/en\/wp-json\/wp\/v2\/comments?post=180055"}],"version-history":[{"count":0,"href":"https:\/\/zjarr.tv\/en\/wp-json\/wp\/v2\/posts\/180055\/revisions"}],"wp:featuredmedia":[{"embeddable":true,"href":"https:\/\/zjarr.tv\/en\/wp-json\/wp\/v2\/media\/180056"}],"wp:attachment":[{"href":"https:\/\/zjarr.tv\/en\/wp-json\/wp\/v2\/media?parent=180055"}],"wp:term":[{"taxonomy":"category","embeddable":true,"href":"https:\/\/zjarr.tv\/en\/wp-json\/wp\/v2\/categories?post=180055"},{"taxonomy":"post_tag","embeddable":true,"href":"https:\/\/zjarr.tv\/en\/wp-json\/wp\/v2\/tags?post=180055"}],"curies":[{"name":"wp","href":"https:\/\/api.w.org\/{rel}","templated":true}]}}