{"id":180063,"date":"2021-04-28T14:16:08","date_gmt":"2021-04-28T12:16:08","guid":{"rendered":"https:\/\/zjarr.tv\/?p=180063"},"modified":"2021-04-28T14:16:08","modified_gmt":"2021-04-28T12:16:08","slug":"spak-sekuestroi-pasurine-e-ish-gjyqtareve-soreca-nje-hap-qe-tregon-se-korrupsioni-po-luftohet","status":"publish","type":"post","link":"https:\/\/zjarr.tv\/en\/spak-sekuestroi-pasurine-e-ish-gjyqtareve-soreca-nje-hap-qe-tregon-se-korrupsioni-po-luftohet\/","title":{"rendered":"SPAK sekuestroi pasurin\u00eb e ish-gjyqtar\u00ebve, Soreca: Nj\u00eb hap q\u00eb tregon se korrupsioni po luftohet"},"content":{"rendered":"<p>Ambasadori i BE, Luigi Soreca ka reaguar pas vendimit t\u00eb SPAK p\u00ebr sekuestrimin e pasuris\u00eb s\u00eb ish-gjyqtar\u00ebve t\u00eb lart\u00eb Fatos Lulo, Bashkim Dedja dhe Shk\u00eblzen Selimi.<\/p>\n<p>Me an\u00eb t\u00eb nj\u00eb postimi n\u00eb rrjetet socilale ai shprehet se kjo tregon se SPAK \u00ebsht\u00eb duke b\u00ebr\u00eb detyr\u00ebn p\u00ebr t\u00eb luftuar korrupsionin.<\/p>\n<p>\u201c<em>Lajm i mir\u00eb sot q\u00eb Gjykata Speciale ka pranuar k\u00ebrkes\u00ebn e SPAK p\u00ebr t\u00eb sekuestruar pasurit\u00eb e 3 ish-gjyqtar\u00ebve t\u00eb Kushtetueses &amp; Lart\u00eb. Nj\u00eb hap tjet\u00ebr q\u00eb tregon SPAK \u00ebsht\u00eb duke ndjekur detyrat e tij p\u00ebr t\u00eb luftuar korrupsionin. Reforma n\u00eb Drejt\u00ebsi n\u00eb Shqip\u00ebri vijon,\u201d<\/em> shkruan Soreca.<\/p>","protected":false},"excerpt":{"rendered":"<p>Ambasadori i BE, Luigi Soreca ka reaguar pas vendimit t\u00eb SPAK p\u00ebr sekuestrimin e pasuris\u00eb s\u00eb ish-gjyqtar\u00ebve t\u00eb lart\u00eb Fatos Lulo, Bashkim Dedja dhe Shk\u00eblzen Selimi. Me an\u00eb t\u00eb nj\u00eb postimi n\u00eb rrjetet socilale ai shprehet se kjo tregon se SPAK \u00ebsht\u00eb duke b\u00ebr\u00eb detyr\u00ebn p\u00ebr t\u00eb luftuar korrupsionin. \u201cLajm i mir\u00eb sot q\u00eb Gjykata [&hellip;]<\/p>\n","protected":false},"author":2030,"featured_media":180064,"comment_status":"closed","ping_status":"closed","sticky":false,"template":"","format":"standard","meta":{"footnotes":""},"categories":[241],"tags":[],"class_list":{"0":"post-180063","1":"post","2":"type-post","3":"status-publish","4":"format-standard","5":"has-post-thumbnail","7":"category-aktualitet"},"_links":{"self":[{"href":"https:\/\/zjarr.tv\/en\/wp-json\/wp\/v2\/posts\/180063","targetHints":{"allow":["GET"]}}],"collection":[{"href":"https:\/\/zjarr.tv\/en\/wp-json\/wp\/v2\/posts"}],"about":[{"href":"https:\/\/zjarr.tv\/en\/wp-json\/wp\/v2\/types\/post"}],"author":[{"embeddable":true,"href":"https:\/\/zjarr.tv\/en\/wp-json\/wp\/v2\/users\/2030"}],"replies":[{"embeddable":true,"href":"https:\/\/zjarr.tv\/en\/wp-json\/wp\/v2\/comments?post=180063"}],"version-history":[{"count":0,"href":"https:\/\/zjarr.tv\/en\/wp-json\/wp\/v2\/posts\/180063\/revisions"}],"wp:featuredmedia":[{"embeddable":true,"href":"https:\/\/zjarr.tv\/en\/wp-json\/wp\/v2\/media\/180064"}],"wp:attachment":[{"href":"https:\/\/zjarr.tv\/en\/wp-json\/wp\/v2\/media?parent=180063"}],"wp:term":[{"taxonomy":"category","embeddable":true,"href":"https:\/\/zjarr.tv\/en\/wp-json\/wp\/v2\/categories?post=180063"},{"taxonomy":"post_tag","embeddable":true,"href":"https:\/\/zjarr.tv\/en\/wp-json\/wp\/v2\/tags?post=180063"}],"curies":[{"name":"wp","href":"https:\/\/api.w.org\/{rel}","templated":true}]}}