{"id":180068,"date":"2021-04-28T14:21:03","date_gmt":"2021-04-28T12:21:03","guid":{"rendered":"https:\/\/zjarr.tv\/?p=180068"},"modified":"2021-04-28T14:21:03","modified_gmt":"2021-04-28T12:21:03","slug":"epidemiologu-ilir-alimehmeti-te-hiqet-vendimi-per-masken-ne-ambientet-e-jashtme-nuk-ben-sens","status":"publish","type":"post","link":"https:\/\/zjarr.tv\/en\/epidemiologu-ilir-alimehmeti-te-hiqet-vendimi-per-masken-ne-ambientet-e-jashtme-nuk-ben-sens\/","title":{"rendered":"Epidemiologu Ilir Alimehmeti: T\u00eb hiqet vendimi p\u00ebr mask\u00ebn n\u00eb ambientet e jashtme, nuk b\u00ebn sens!"},"content":{"rendered":"<p>Mjeku epidemiolog Ilir Alimehmeti, \u00ebsht\u00eb shprehur se vendimi p\u00ebr mbajtjen e mask\u00ebs n\u00eb ambientet e jashtme duhet t\u00eb hiqet.<\/p>\n<p>I ftuar n\u00eb \u2018Wake up\u2019, mjeku tha se duke marr\u00eb parasysh studimet t\u00eb cilat tregojn\u00eb se transmetimi i koronavirusit n\u00eb ambientet e jashtme \u00ebsht\u00eb nj\u00eb n\u00eb nj\u00ebmij\u00eb, mbajtja e mask\u00ebs nuk p\u00ebrben sens.<\/p>\n<p>\u201c<em>N\u00eb ambientet e hapura, duke marr\u00eb parasysh studimet madhore t\u00eb Irland\u00ebs, q\u00eb transmetimi i \u00a0<\/em><em>koronavirusit<\/em> <em>ka rezultuar n\u00eb nivele shum\u00eb t\u00eb ul\u00ebta, nj\u00eb n\u00eb nj\u00ebmij\u00eb. Maska n\u00eb ambient t\u00eb hapur kur ruhet distanca nuk b\u00ebn sens. Maska duhet t\u00eb hiqet n\u00eb ambiente t\u00eb jashtme<\/em>\u201d, u shpreh mjeku Alimehmeti.<\/p>\n<p>Po ashtu, ai foli edhe p\u00ebr grumbullimet gjat\u00eb fushatave zgjedhore ku u shpreh se pasojat e mosrespektimit t\u00eb masave \u00a0do t\u00eb ndihen n\u00eb jav\u00ebn e 3-4 t\u00eb majit.<\/p>\n<p>\u201c<em>Ka nj\u00eb r\u00ebnie reale ta rasteve dhe kjo reflektohet edhe n\u00eb shtrimet n\u00eb spitale. \u00cbsht\u00eb nj\u00eb pritje q\u00eb t\u00eb ket\u00eb nj\u00eb far\u00eb efekti nga zgjedhjet. Mir\u00ebpo, duhet t\u00eb marrim parasysh q\u00eb edhe terrenin nuk e kemi shum\u00eb t\u00eb qart\u00eb. Nj\u00eb pjes\u00eb e madhe e popullat\u00ebs e kan\u00eb kaluar. Por, zona rurale mund t\u00eb ken\u00eb nj\u00eb risk m\u00eb t\u00eb lart\u00eb duhet t\u00eb presin fundin e majit p\u00ebr ta kuptuar v\u00ebrtet\u00eb. Java e 3-4 e majit do na tregoj\u00eb m\u00eb qart\u00eb k\u00ebt\u00eb gj\u00eb<\/em>\u201d, tha Alimehmeti.<\/p>","protected":false},"excerpt":{"rendered":"<p>Mjeku epidemiolog Ilir Alimehmeti, \u00ebsht\u00eb shprehur se vendimi p\u00ebr mbajtjen e mask\u00ebs n\u00eb ambientet e jashtme duhet t\u00eb hiqet. I ftuar n\u00eb \u2018Wake up\u2019, mjeku tha se duke marr\u00eb parasysh studimet t\u00eb cilat tregojn\u00eb se transmetimi i koronavirusit n\u00eb ambientet e jashtme \u00ebsht\u00eb nj\u00eb n\u00eb nj\u00ebmij\u00eb, mbajtja e mask\u00ebs nuk p\u00ebrben sens. \u201cN\u00eb ambientet e [&hellip;]<\/p>\n","protected":false},"author":2030,"featured_media":180069,"comment_status":"closed","ping_status":"closed","sticky":false,"template":"","format":"standard","meta":{"footnotes":""},"categories":[241],"tags":[],"class_list":{"0":"post-180068","1":"post","2":"type-post","3":"status-publish","4":"format-standard","5":"has-post-thumbnail","7":"category-aktualitet"},"_links":{"self":[{"href":"https:\/\/zjarr.tv\/en\/wp-json\/wp\/v2\/posts\/180068","targetHints":{"allow":["GET"]}}],"collection":[{"href":"https:\/\/zjarr.tv\/en\/wp-json\/wp\/v2\/posts"}],"about":[{"href":"https:\/\/zjarr.tv\/en\/wp-json\/wp\/v2\/types\/post"}],"author":[{"embeddable":true,"href":"https:\/\/zjarr.tv\/en\/wp-json\/wp\/v2\/users\/2030"}],"replies":[{"embeddable":true,"href":"https:\/\/zjarr.tv\/en\/wp-json\/wp\/v2\/comments?post=180068"}],"version-history":[{"count":0,"href":"https:\/\/zjarr.tv\/en\/wp-json\/wp\/v2\/posts\/180068\/revisions"}],"wp:featuredmedia":[{"embeddable":true,"href":"https:\/\/zjarr.tv\/en\/wp-json\/wp\/v2\/media\/180069"}],"wp:attachment":[{"href":"https:\/\/zjarr.tv\/en\/wp-json\/wp\/v2\/media?parent=180068"}],"wp:term":[{"taxonomy":"category","embeddable":true,"href":"https:\/\/zjarr.tv\/en\/wp-json\/wp\/v2\/categories?post=180068"},{"taxonomy":"post_tag","embeddable":true,"href":"https:\/\/zjarr.tv\/en\/wp-json\/wp\/v2\/tags?post=180068"}],"curies":[{"name":"wp","href":"https:\/\/api.w.org\/{rel}","templated":true}]}}