{"id":180097,"date":"2021-04-28T17:21:53","date_gmt":"2021-04-28T15:21:53","guid":{"rendered":"https:\/\/zjarr.tv\/?p=180097"},"modified":"2021-04-28T17:21:53","modified_gmt":"2021-04-28T15:21:53","slug":"nese-ai-nuk-vjen-akoma-dhe-me-mire-vucic-reagon-pas-lajmit-se-kurti-sdo-te-marre-pjese-ne-dialogun-kosove-serbi","status":"publish","type":"post","link":"https:\/\/zjarr.tv\/en\/nese-ai-nuk-vjen-akoma-dhe-me-mire-vucic-reagon-pas-lajmit-se-kurti-sdo-te-marre-pjese-ne-dialogun-kosove-serbi\/","title":{"rendered":"\u201cN\u00ebse ai nuk vjen akoma dhe m\u00eb mir\u00eb\u201d, Vu\u00e7i\u00e7 reagon pas lajmit se Kurti s\u2019do t\u00eb marr\u00eb pjes\u00eb n\u00eb dialogun Kosov\u00eb-Serbi"},"content":{"rendered":"<p>Presidenti i Serbis\u00eb, Aleksandar Vu\u00e7i\u00e7, deklaroi se ai personalisht kurr\u00eb nuk besonte n\u00eb efektin e presionit dhe se ai \u00ebsht\u00eb i interesuar t\u00eb flas\u00eb p\u00ebr nj\u00eb zgjidhje dhe t\u00eb gjej\u00eb nj\u00eb kompromis n\u00eb dialogun midis Kosov\u00ebs dhe Serbis\u00eb.<\/p>\n<p>Me rastin e vizit\u00ebs s\u00eb Kurtit n\u00eb Bruksel, e cila pasoi at\u00eb t\u00eb Vu\u00e7i\u00e7it dhe pyetjen n\u00ebse ai pret q\u00eb dialogu t\u00eb vazhdoj\u00eb, disa minuta para se t\u00eb vinte lajmi nga Brukseli ku Kurti tha se nuk do t\u00eb marr\u00eb pjes\u00eb n\u00eb dialog m\u00eb 11 maj, presidenti serb tha se do t\u00eb b\u00ebj\u00eb di\u00e7ka tjet\u00ebr at\u00eb dit\u00eb, n\u00ebse takimi anulohet, raporton Tanjug.<\/p>\n<p>\u201cUn\u00eb isha i ftuar p\u00ebr 11 maj. Un\u00eb do t\u00eb shkoj n\u00eb dialog m\u00eb 11 maj n\u00ebse ka nj\u00eb t\u00eb till\u00eb. N\u00ebse ata thon\u00eb se ai nuk \u00ebsht\u00eb atje, madje edhe m\u00eb mir\u00eb, un\u00eb do t\u00eb b\u00ebj di\u00e7ka t\u00eb mir\u00eb diku tjet\u00ebr dhe do t\u00eb kem m\u00eb pak probleme at\u00eb dit\u00eb. Un\u00eb do ta kaloj\u00eb t\u00eb pakt\u00ebn at\u00eb dit\u00eb m\u00eb mir\u00eb\u201d, u shpreh Vu\u00e7i\u00e7.<\/p>\n<p>Ai theksoi kurr\u00eb nuk besoi n\u00eb presion, si proces p\u00ebr zgjidhjen e problemeve.<\/p>\n<p>\u201cN\u00ebse mund t\u00eb krijojm\u00eb nj\u00eb lloj besimi politik, flasim p\u00ebr zgjidhje, kompromise. Dhe fakti q\u00eb dikush do ta k\u00ebrc\u00ebnoj\u00eb Serbin\u00eb ose serb\u00ebt, se dikush do t\u00eb nd\u00ebrtoj\u00eb disa baza ushtarake. Un\u00eb e di q\u00eb njer\u00ebzit nuk jan\u00eb t\u00eb k\u00ebnaqur, por thjesht buz\u00ebqeshin me k\u00ebt\u00eb, sepse \u00e7do koment i m\u00ebtutjesh\u00ebm nga un\u00eb do t\u00eb ishte i tep\u00ebrt\u201d, tha Vu\u00e7i\u00e7.<\/p>\n<p>Kryeministri i Kosov\u00ebs, Albin Kurti, ka th\u00ebn\u00eb para mediave n\u00eb Bruksel se nuk do t\u00eb marr\u00eb pjes\u00eb n\u00eb takimin 11 majit n\u00eb kuad\u00ebr t\u00eb dialogut Kosov\u00eb-Serbi, t\u00eb paralajm\u00ebruar nga P\u00ebrfaq\u00ebsuesi i Lart\u00eb i Bashkimit Evropian p\u00ebr Politik\u00eb t\u00eb Jashtme dhe Siguri, Josep Borrell.<\/p>","protected":false},"excerpt":{"rendered":"<p>Presidenti i Serbis\u00eb, Aleksandar Vu\u00e7i\u00e7, deklaroi se ai personalisht kurr\u00eb nuk besonte n\u00eb efektin e presionit dhe se ai \u00ebsht\u00eb i interesuar t\u00eb flas\u00eb p\u00ebr nj\u00eb zgjidhje dhe t\u00eb gjej\u00eb nj\u00eb kompromis n\u00eb dialogun midis Kosov\u00ebs dhe Serbis\u00eb. Me rastin e vizit\u00ebs s\u00eb Kurtit n\u00eb Bruksel, e cila pasoi at\u00eb t\u00eb Vu\u00e7i\u00e7it dhe pyetjen n\u00ebse [&hellip;]<\/p>\n","protected":false},"author":2031,"featured_media":180098,"comment_status":"closed","ping_status":"closed","sticky":false,"template":"","format":"standard","meta":{"footnotes":""},"categories":[231],"tags":[2231,312,2730,329],"class_list":{"0":"post-180097","1":"post","2":"type-post","3":"status-publish","4":"format-standard","5":"has-post-thumbnail","7":"category-lajme","8":"tag-kurti","9":"tag-lajme","10":"tag-vucic","11":"tag-zjarr-tv"},"_links":{"self":[{"href":"https:\/\/zjarr.tv\/en\/wp-json\/wp\/v2\/posts\/180097","targetHints":{"allow":["GET"]}}],"collection":[{"href":"https:\/\/zjarr.tv\/en\/wp-json\/wp\/v2\/posts"}],"about":[{"href":"https:\/\/zjarr.tv\/en\/wp-json\/wp\/v2\/types\/post"}],"author":[{"embeddable":true,"href":"https:\/\/zjarr.tv\/en\/wp-json\/wp\/v2\/users\/2031"}],"replies":[{"embeddable":true,"href":"https:\/\/zjarr.tv\/en\/wp-json\/wp\/v2\/comments?post=180097"}],"version-history":[{"count":0,"href":"https:\/\/zjarr.tv\/en\/wp-json\/wp\/v2\/posts\/180097\/revisions"}],"wp:featuredmedia":[{"embeddable":true,"href":"https:\/\/zjarr.tv\/en\/wp-json\/wp\/v2\/media\/180098"}],"wp:attachment":[{"href":"https:\/\/zjarr.tv\/en\/wp-json\/wp\/v2\/media?parent=180097"}],"wp:term":[{"taxonomy":"category","embeddable":true,"href":"https:\/\/zjarr.tv\/en\/wp-json\/wp\/v2\/categories?post=180097"},{"taxonomy":"post_tag","embeddable":true,"href":"https:\/\/zjarr.tv\/en\/wp-json\/wp\/v2\/tags?post=180097"}],"curies":[{"name":"wp","href":"https:\/\/api.w.org\/{rel}","templated":true}]}}