{"id":180102,"date":"2021-04-28T17:33:55","date_gmt":"2021-04-28T15:33:55","guid":{"rendered":"https:\/\/zjarr.tv\/?p=180102"},"modified":"2021-04-28T17:33:55","modified_gmt":"2021-04-28T15:33:55","slug":"kim-paralajmeron-bashkepunim-mes-rames-dhe-bashes-udheheqesit-do-te-veprojne-me-pergjegjesi-per-te-miren-e-popullit-shqiptar","status":"publish","type":"post","link":"https:\/\/zjarr.tv\/en\/kim-paralajmeron-bashkepunim-mes-rames-dhe-bashes-udheheqesit-do-te-veprojne-me-pergjegjesi-per-te-miren-e-popullit-shqiptar\/","title":{"rendered":"Kim paralajm\u00ebron bashk\u00ebpunim mes Ram\u00ebs dhe Bash\u00ebs: Udh\u00ebheq\u00ebsit do t\u00eb veprojn\u00eb me p\u00ebrgjegj\u00ebsi p\u00ebr t\u00eb mir\u00ebn e popullit shqiptar"},"content":{"rendered":"<p>Yuri Kim:<\/p>\n<p>Ne e p\u00ebrg\u00ebzojm\u00eb Kryeministrin @ediramaal &amp; Partia Socialiste n\u00eb fitoren e tyre elektorale. Ne gjithashtu p\u00ebrg\u00ebzojm\u00eb Kryetarin e PD-s\u00eb @lulzimbasha_al p\u00ebr udh\u00ebheqjen e nj\u00eb fushate t\u00eb fort\u00eb q\u00eb u dha z\u00eb shum\u00ebkujt &amp; frym\u00ebzoi shpres\u00eb. M\u00eb e r\u00ebnd\u00ebsishmja, ne e p\u00ebrg\u00ebzojm\u00eb popullin shqiptar, i cili foli qart\u00eb.<\/p>\n<p>Duke njohur rezultatet e k\u00ebtyre zgjedhjeve dhe duke bashk\u00ebpunuar me nj\u00ebri-tjetrin, udh\u00ebheq\u00ebsit do t\u00eb veprojn\u00eb me p\u00ebrgjegj\u00ebsi p\u00ebr t\u00eb mir\u00ebn e popullit shqiptar. Ne shpresojm\u00eb t\u00eb punojm\u00eb me Shqip\u00ebrin\u00eb p\u00ebr t\u00eb forcuar m\u00eb tej bashk\u00ebpunimin mbi demokracin\u00eb, mbrojtjen dhe biznesin.<\/p>\n<p>Ne v\u00ebrejm\u00eb raportin paraprak t\u00eb @ osce_odihr &amp; presim me radh\u00eb p\u00ebrfundimin e fundit, i cili duhet t\u00eb p\u00ebrdoret p\u00ebr t\u00eb p\u00ebrmir\u00ebsuar m\u00eb tej zgjedhjet e Shqip\u00ebris\u00eb. Ne p\u00ebrs\u00ebrisim q\u00eb zbatimi i ligjit dhe gjyq\u00ebsori duhet t\u00eb ndjekin penalisht cilindo q\u00eb shkel ligjin dhe pengon t\u00eb drejt\u00ebn e qytetar\u00ebve p\u00ebr t\u00eb votuar lirsh\u00ebm dhe n\u00eb paqe.<\/p>","protected":false},"excerpt":{"rendered":"<p>Yuri Kim: Ne e p\u00ebrg\u00ebzojm\u00eb Kryeministrin @ediramaal &amp; Partia Socialiste n\u00eb fitoren e tyre elektorale. Ne gjithashtu p\u00ebrg\u00ebzojm\u00eb Kryetarin e PD-s\u00eb @lulzimbasha_al p\u00ebr udh\u00ebheqjen e nj\u00eb fushate t\u00eb fort\u00eb q\u00eb u dha z\u00eb shum\u00ebkujt &amp; frym\u00ebzoi shpres\u00eb. M\u00eb e r\u00ebnd\u00ebsishmja, ne e p\u00ebrg\u00ebzojm\u00eb popullin shqiptar, i cili foli qart\u00eb. Duke njohur rezultatet e k\u00ebtyre zgjedhjeve [&hellip;]<\/p>\n","protected":false},"author":2031,"featured_media":161303,"comment_status":"closed","ping_status":"closed","sticky":false,"template":"","format":"standard","meta":{"footnotes":""},"categories":[231],"tags":[312,2383,329],"class_list":{"0":"post-180102","1":"post","2":"type-post","3":"status-publish","4":"format-standard","5":"has-post-thumbnail","7":"category-lajme","8":"tag-lajme","9":"tag-yuri-kim","10":"tag-zjarr-tv"},"_links":{"self":[{"href":"https:\/\/zjarr.tv\/en\/wp-json\/wp\/v2\/posts\/180102","targetHints":{"allow":["GET"]}}],"collection":[{"href":"https:\/\/zjarr.tv\/en\/wp-json\/wp\/v2\/posts"}],"about":[{"href":"https:\/\/zjarr.tv\/en\/wp-json\/wp\/v2\/types\/post"}],"author":[{"embeddable":true,"href":"https:\/\/zjarr.tv\/en\/wp-json\/wp\/v2\/users\/2031"}],"replies":[{"embeddable":true,"href":"https:\/\/zjarr.tv\/en\/wp-json\/wp\/v2\/comments?post=180102"}],"version-history":[{"count":0,"href":"https:\/\/zjarr.tv\/en\/wp-json\/wp\/v2\/posts\/180102\/revisions"}],"wp:featuredmedia":[{"embeddable":true,"href":"https:\/\/zjarr.tv\/en\/wp-json\/wp\/v2\/media\/161303"}],"wp:attachment":[{"href":"https:\/\/zjarr.tv\/en\/wp-json\/wp\/v2\/media?parent=180102"}],"wp:term":[{"taxonomy":"category","embeddable":true,"href":"https:\/\/zjarr.tv\/en\/wp-json\/wp\/v2\/categories?post=180102"},{"taxonomy":"post_tag","embeddable":true,"href":"https:\/\/zjarr.tv\/en\/wp-json\/wp\/v2\/tags?post=180102"}],"curies":[{"name":"wp","href":"https:\/\/api.w.org\/{rel}","templated":true}]}}