{"id":180121,"date":"2021-04-28T18:37:15","date_gmt":"2021-04-28T16:37:15","guid":{"rendered":"https:\/\/zjarr.tv\/?p=180121"},"modified":"2021-04-28T18:37:15","modified_gmt":"2021-04-28T16:37:15","slug":"numeruesit-po-kryejne-parregullsi-te-renda-paralajmeron-doda-provat-do-dergohen-ne-spak","status":"publish","type":"post","link":"https:\/\/zjarr.tv\/en\/numeruesit-po-kryejne-parregullsi-te-renda-paralajmeron-doda-provat-do-dergohen-ne-spak\/","title":{"rendered":"\u201cNum\u00ebruesit po kryejn\u00eb parregullsi t\u00eb r\u00ebnda\u201d, paralajm\u00ebron Doda: Provat do d\u00ebrgohen n\u00eb SPAK"},"content":{"rendered":"<p>Kandidatja p\u00ebr deputete e PDIU-s\u00eb, Mesila Doda ka deklaruar se nga informacionet e fundit q\u00eb i kan\u00eb ardhur nga v\u00ebzhguesit, num\u00ebruesit po kryejn\u00eb parregullsi t\u00eb r\u00ebnda gjat\u00eb procesit t\u00eb num\u00ebrimit t\u00eb votave t\u00eb kandidat\u00ebve.<\/p>\n<p>P\u00ebrmes nj\u00eb postimi n\u00eb \u201cFacebook\u201d, ajo shprehet se vota t\u00eb pavlefshme po konsiderohen p\u00ebr llogari t\u00eb kandidat\u00ebve t\u00eb ndrysh\u00ebm, nd\u00ebrsa shtoi se i b\u00ebn thirrje organeve t\u00eb drejt\u00ebsis\u00eb t\u00eb hetojn\u00eb tavolinat e num\u00ebrimit.<\/p>\n<p>Doda paralajm\u00ebron se t\u00eb gjith\u00eb abuzuesit do p\u00ebrballen penalisht dhe provat do t\u00eb d\u00ebrgohen n\u00eb strukturat e SPAK.<\/p>\n<p>Postimi i plot\u00eb:<\/p>\n<p>Nga informacionet e fundit qe vijne nga vezhguesit tane, numeruesit po kryejne parregullsi te renda gjate procesit te numerimit te votave te kandidateve. Vota te pavlefshme apo te partive qe nuk kane marre mandat po konsiderohen per llogari te kandidateve te ndryshem.<\/p>\n<p>Ftojme organet e drejtesise te hetojne paraprakisht ne tavolinat e numerimit. Paralelisht ne po krahasojme pamjet e filmuara qysh ne numerimin e pare te kutive, me procesverbalet per kandidatet dhe partite. Te gjithe abuzuesit do perballen penalisht dhe provat do dergohen ne strukturat e SPAK.<\/p>","protected":false},"excerpt":{"rendered":"<p>Kandidatja p\u00ebr deputete e PDIU-s\u00eb, Mesila Doda ka deklaruar se nga informacionet e fundit q\u00eb i kan\u00eb ardhur nga v\u00ebzhguesit, num\u00ebruesit po kryejn\u00eb parregullsi t\u00eb r\u00ebnda gjat\u00eb procesit t\u00eb num\u00ebrimit t\u00eb votave t\u00eb kandidat\u00ebve. P\u00ebrmes nj\u00eb postimi n\u00eb \u201cFacebook\u201d, ajo shprehet se vota t\u00eb pavlefshme po konsiderohen p\u00ebr llogari t\u00eb kandidat\u00ebve t\u00eb ndrysh\u00ebm, nd\u00ebrsa shtoi [&hellip;]<\/p>\n","protected":false},"author":2031,"featured_media":180122,"comment_status":"closed","ping_status":"closed","sticky":false,"template":"","format":"standard","meta":{"footnotes":""},"categories":[231,235],"tags":[312,2428,329],"class_list":{"0":"post-180121","1":"post","2":"type-post","3":"status-publish","4":"format-standard","5":"has-post-thumbnail","7":"category-lajme","8":"category-vendi","9":"tag-lajme","10":"tag-mesila-doda","11":"tag-zjarr-tv"},"_links":{"self":[{"href":"https:\/\/zjarr.tv\/en\/wp-json\/wp\/v2\/posts\/180121","targetHints":{"allow":["GET"]}}],"collection":[{"href":"https:\/\/zjarr.tv\/en\/wp-json\/wp\/v2\/posts"}],"about":[{"href":"https:\/\/zjarr.tv\/en\/wp-json\/wp\/v2\/types\/post"}],"author":[{"embeddable":true,"href":"https:\/\/zjarr.tv\/en\/wp-json\/wp\/v2\/users\/2031"}],"replies":[{"embeddable":true,"href":"https:\/\/zjarr.tv\/en\/wp-json\/wp\/v2\/comments?post=180121"}],"version-history":[{"count":0,"href":"https:\/\/zjarr.tv\/en\/wp-json\/wp\/v2\/posts\/180121\/revisions"}],"wp:featuredmedia":[{"embeddable":true,"href":"https:\/\/zjarr.tv\/en\/wp-json\/wp\/v2\/media\/180122"}],"wp:attachment":[{"href":"https:\/\/zjarr.tv\/en\/wp-json\/wp\/v2\/media?parent=180121"}],"wp:term":[{"taxonomy":"category","embeddable":true,"href":"https:\/\/zjarr.tv\/en\/wp-json\/wp\/v2\/categories?post=180121"},{"taxonomy":"post_tag","embeddable":true,"href":"https:\/\/zjarr.tv\/en\/wp-json\/wp\/v2\/tags?post=180121"}],"curies":[{"name":"wp","href":"https:\/\/api.w.org\/{rel}","templated":true}]}}