{"id":180332,"date":"2021-04-30T07:35:32","date_gmt":"2021-04-30T05:35:32","guid":{"rendered":"https:\/\/zjarr.tv\/?p=180332"},"modified":"2021-04-30T07:35:32","modified_gmt":"2021-04-30T05:35:32","slug":"nga-artur-zheji-nuk-i-pashe-ne-fushate-kunder-rames-sot-te-gjithe-ne-fushate-kunder-lulitpse","status":"publish","type":"post","link":"https:\/\/zjarr.tv\/en\/nga-artur-zheji-nuk-i-pashe-ne-fushate-kunder-rames-sot-te-gjithe-ne-fushate-kunder-lulitpse\/","title":{"rendered":"Nga Artur Zheji: Nuk i pash\u00eb n\u00eb fushat\u00eb kund\u00ebr Ram\u00ebs, sot t\u00eb gjith\u00eb n\u00eb fushat\u00eb kund\u00ebr Lulit\u2026Pse?!"},"content":{"rendered":"<p style=\"line-height: 19.5pt; background: white; vertical-align: baseline; margin: 0in 0in 12.0pt 0in;\"><span style=\"color: black;\">Marshalli tani me t\u00eb drejt\u00eb e ka radh\u00ebn t\u00eb shkrythet ngesh\u00ebm, t\u00eb hedh\u00eb v\u00ebshtrimin mbi Pashall\u00ebkun Arnautistan e t\u00eb shplodhet dhe pse jo, edhe t\u00eb arg\u00ebtohet disi lezetsh\u00ebm mbas lodhjes jo t\u00eb vog\u00ebl q\u00eb p\u00ebrjetoi. <\/span><span style=\"color: black;\">Mir\u00ebpo; kush t\u00eb le t\u00eb rrish rehatin\u00eb t\u00ebnde, brenda tutave t\u00eb gjera e pa kok\u00eb\u00e7arje?! Marshalli nuk ka koh\u00eb t\u00eb arg\u00ebtohet as ca or\u00eb, me laptopin n\u00eb preh\u00ebrin hallemadh, dhe me kalkulatri\u00e7en ndezur.<\/span><\/p>\n<p style=\"line-height: 19.5pt; background: white; vertical-align: baseline; box-sizing: border-box; font-variant-ligatures: normal; font-variant-caps: normal; orphans: 2; text-align: start; widows: 2; -webkit-text-stroke-width: 0px; list-style-position: outside; word-spacing: 0px; margin: 0in 0in 12.0pt 0in;\"><span style=\"color: black;\">Sepse nd\u00ebrkoh\u00eb, pa mbaruar raportimi final i Njuz 24, me kollonat e p\u00ebrqindjeve, ka filluar nj\u00eb betej\u00eb paralele dhe e pritshme. <\/span><span style=\"color: black;\">Jo kund\u00ebr Marshallit dhe \u201cfitores\u201d s\u00eb diskutueshme t\u00eb Partis\u00eb Socialiste, por pik\u00ebrisht n\u00eb oborrin e Partis\u00eb Demokratike. Q\u00eb \u00ebsht\u00eb tashm\u00eb, duhet n\u00ebnvizuar kjo, Partia m\u00eb e \u201crrezikshme\u201d, kund\u00ebr pushtetit t\u00eb tij t\u00eb pafund prej Marshalli dhe m\u00eb shum\u00eb\u2026 <\/span><span style=\"color: black;\">\u00cbsht\u00eb e habitshme kjo luft\u00eb, sepse topat e zhurmsh\u00ebm q\u00eb filluan t\u00eb zbrazen kund\u00ebr Lul\u00ebzim Bash\u00ebs k\u00ebto or\u00eb, ishin ca topa fare t\u00eb heshtur n\u00eb betej\u00ebn e Lulit kund\u00ebr Marshallit. <\/span><span style=\"color: black;\">Si nuk i pam\u00eb, qoft\u00eb edhe rast\u00ebsisht n\u00eb ndonj\u00eb cep publik fushate, k\u00ebta top\u00e7injt\u00eb me topa anti-Basha, t\u00eb gjuanin ndonj\u00eb gjyle kund\u00ebr Ram\u00ebs?<\/span><\/p>\n<p style=\"line-height: 19.5pt; background: white; vertical-align: baseline; box-sizing: border-box; font-variant-ligatures: normal; font-variant-caps: normal; orphans: 2; text-align: start; widows: 2; -webkit-text-stroke-width: 0px; list-style-position: outside; word-spacing: 0px; margin: 0in 0in 12.0pt 0in;\"><span style=\"color: black;\">Ue, ue, ue! T\u00eb gjitha gjylet n\u00eb topat e tyre, k\u00ebta top\u00e7injt\u00eb e k\u00ebtyre or\u00ebve, kund\u00ebr Lulit, Kryetar i Partis\u00eb Demokratike, i pask\u00ebshin ruajtur dhe u pask\u00ebshin ndezur fitilat? <\/span><span style=\"color: black;\">Di\u00e7ka e r\u00ebnd\u00ebsishme nuk shkon n\u00eb k\u00ebt\u00eb mes. <\/span><span style=\"color: black;\">Padyshim q\u00eb duhet t\u00eb kishte dhe t\u00eb ket\u00eb nj\u00eb debat t\u00eb fort\u00eb brenda Partis\u00eb Demokratike. Klasi do e donte me dyer t\u00eb mbyllura dhe pa media. Por sidoqoft\u00eb debat dhe jo sulm! <\/span><span style=\"color: black;\">Sepse Partia Demokratike, n\u00eb k\u00ebt\u00eb betej\u00eb, kund\u00ebr k\u00ebsaj makinerie elektorale plot me super t\u00eb pasur, nuk kishte as media, as mjete dhe as miell e euro p\u00ebr fushat\u00eb, por vet\u00ebm nj\u00eb Ftes\u00eb dhe nj\u00eb Kontrat\u00eb Morale!<\/span><\/p>\n<p style=\"line-height: 19.5pt; background: white; vertical-align: baseline; box-sizing: border-box; font-variant-ligatures: normal; font-variant-caps: normal; orphans: 2; text-align: start; widows: 2; -webkit-text-stroke-width: 0px; list-style-position: outside; word-spacing: 0px; margin: 0in 0in 12.0pt 0in;\"><span style=\"color: black;\">E \u00e7far\u00eb duan sot k\u00ebta?<\/span><\/p>\n<p style=\"line-height: 19.5pt; background: white; vertical-align: baseline; box-sizing: border-box; font-variant-ligatures: normal; font-variant-caps: normal; orphans: 2; text-align: start; widows: 2; -webkit-text-stroke-width: 0px; list-style-position: outside; word-spacing: 0px; margin: 0in 0in 12.0pt 0in;\"><span style=\"color: black;\">Ikjen e Lul\u00ebzim Bash\u00ebs apo mandatin e kat\u00ebrt t\u00eb Edi Ram\u00ebs?<\/span><\/p>\n<p style=\"line-height: 19.5pt; background: white; vertical-align: baseline; box-sizing: border-box; font-variant-ligatures: normal; font-variant-caps: normal; orphans: 2; text-align: start; widows: 2; -webkit-text-stroke-width: 0px; list-style-position: outside; word-spacing: 0px; margin: 0in 0in 12.0pt 0in;\"><span style=\"color: black;\">Sepse si mund t\u00eb fark\u00ebtohet nj\u00eb lider i ri dhe garantues i fitores s\u00eb ardhshme n\u00eb kaq pak koh\u00eb? <\/span><span style=\"color: black;\">V\u00ebrtet n\u00eb vitin 2005, Rama konkuroi kund\u00ebr Fatos Nanos, porse Rama (sot Marshalli), ishte dikushi q\u00eb asokohe, nuk kish nevoj\u00eb t\u00eb q\u00ebndronte p\u00ebr vite p\u00ebr t\u2019u kolauduar n\u00eb kantierin politik\u2026 E megjithat\u00eb, humbi jo pak zgjedhje, n\u00eb vitin 2009 dhe n\u00eb vitin 2011. <\/span><span style=\"color: black;\">Nuk dua t\u00eb paragjykoj ask\u00ebnd, ndoshta duhen edhe zgjedhje t\u00eb brendshme n\u00eb PD, ndoshta. <\/span><span style=\"color: black;\">Por nuk m\u00eb hiqet mendja q\u00eb, n\u00eb k\u00ebt\u00eb luft\u00eb nuk i pash\u00eb n\u00eb fushat\u00eb kund\u00ebr Ram\u00ebs, asnj\u00eb nga k\u00ebta, q\u00eb sot jan\u00eb n\u00eb fushat\u00eb kund\u00ebr Lulit\u2026 (Pse?!)<\/span><\/p>","protected":false},"excerpt":{"rendered":"<p>Marshalli tani me t\u00eb drejt\u00eb e ka radh\u00ebn t\u00eb shkrythet ngesh\u00ebm, t\u00eb hedh\u00eb v\u00ebshtrimin mbi Pashall\u00ebkun Arnautistan e t\u00eb shplodhet dhe pse jo, edhe t\u00eb arg\u00ebtohet disi lezetsh\u00ebm mbas lodhjes jo t\u00eb vog\u00ebl q\u00eb p\u00ebrjetoi. Mir\u00ebpo; kush t\u00eb le t\u00eb rrish rehatin\u00eb t\u00ebnde, brenda tutave t\u00eb gjera e pa kok\u00eb\u00e7arje?! Marshalli nuk ka koh\u00eb t\u00eb [&hellip;]<\/p>\n","protected":false},"author":2016,"featured_media":180334,"comment_status":"closed","ping_status":"closed","sticky":false,"template":"","format":"standard","meta":{"footnotes":""},"categories":[241],"tags":[2762],"class_list":{"0":"post-180332","1":"post","2":"type-post","3":"status-publish","4":"format-standard","5":"has-post-thumbnail","7":"category-aktualitet","8":"tag-lajme-zjarr-zheji-nuk-i-pashe-ne-fushate-kunder-rames-zjarr-tv"},"_links":{"self":[{"href":"https:\/\/zjarr.tv\/en\/wp-json\/wp\/v2\/posts\/180332","targetHints":{"allow":["GET"]}}],"collection":[{"href":"https:\/\/zjarr.tv\/en\/wp-json\/wp\/v2\/posts"}],"about":[{"href":"https:\/\/zjarr.tv\/en\/wp-json\/wp\/v2\/types\/post"}],"author":[{"embeddable":true,"href":"https:\/\/zjarr.tv\/en\/wp-json\/wp\/v2\/users\/2016"}],"replies":[{"embeddable":true,"href":"https:\/\/zjarr.tv\/en\/wp-json\/wp\/v2\/comments?post=180332"}],"version-history":[{"count":0,"href":"https:\/\/zjarr.tv\/en\/wp-json\/wp\/v2\/posts\/180332\/revisions"}],"wp:featuredmedia":[{"embeddable":true,"href":"https:\/\/zjarr.tv\/en\/wp-json\/wp\/v2\/media\/180334"}],"wp:attachment":[{"href":"https:\/\/zjarr.tv\/en\/wp-json\/wp\/v2\/media?parent=180332"}],"wp:term":[{"taxonomy":"category","embeddable":true,"href":"https:\/\/zjarr.tv\/en\/wp-json\/wp\/v2\/categories?post=180332"},{"taxonomy":"post_tag","embeddable":true,"href":"https:\/\/zjarr.tv\/en\/wp-json\/wp\/v2\/tags?post=180332"}],"curies":[{"name":"wp","href":"https:\/\/api.w.org\/{rel}","templated":true}]}}