{"id":180741,"date":"2021-05-02T17:49:35","date_gmt":"2021-05-02T15:49:35","guid":{"rendered":"https:\/\/zjarr.tv\/?p=180741"},"modified":"2021-05-02T17:49:35","modified_gmt":"2021-05-02T15:49:35","slug":"sot-eshte-ylli-i-ekranit-si-dukej-nora-istrefi-para-se-te-behej-e-famshmefoto","status":"publish","type":"post","link":"https:\/\/zjarr.tv\/en\/sot-eshte-ylli-i-ekranit-si-dukej-nora-istrefi-para-se-te-behej-e-famshmefoto\/","title":{"rendered":"Sot \u00ebsht\u00eb ylli i ekranit, si dukej Nora Istrefi para se t\u00eb b\u00ebhej e famshme(FOTO)"},"content":{"rendered":"<p>Nora Istrefi \u00ebsht\u00eb nj\u00eb nd\u00ebr personazhet m\u00eb t\u00eb dashur t\u00eb ekranit shqiptar. K\u00ebng\u00ebtarja ka nd\u00ebrtuar nj\u00eb karrier\u00eb t\u00eb suksesshme dhe num\u00ebron nj\u00eb s\u00ebr\u00eb hitesh n\u00eb repertorin e saj. P\u00ebrpos k\u00ebsaj, Nora ka r\u00ebn\u00eb gjithmon\u00eb n\u00eb sy p\u00ebr linjat e saj seksi dhe shquhet p\u00ebr stilin e ve\u00e7ant\u00eb n\u00eb mod\u00eb.<\/p>\n<p>Mir\u00ebpo, duket se talenti i saj n\u00eb mod\u00eb ka spikatur q\u00eb n\u00eb f\u00ebmij\u00ebri, duke iu referuar nj\u00eb fotoje t\u00eb vjet\u00ebr t\u00eb k\u00ebng\u00ebtares kur ka qen\u00eb shum\u00eb e vog\u00ebl. Ajo ka pozuar n\u00eb bregdet e veshur me nj\u00eb fustan roz\u00eb, duke mbajtur nj\u00eb q\u00ebndrim prej modeleje.<\/p>\n<p>Nd\u00ebrkoh\u00eb, kujtojm\u00eb q\u00eb Nora tashm\u00eb i \u00ebsht\u00eb futur dhe bot\u00ebs s\u00eb biznesit. Ajo ka hapur nj\u00eb studio fotografike q\u00eb mban emrin \u201cSerene Photography Studio\u201d.\u201cDuke marr\u00eb p\u00ebr baz\u00eb q\u00eb kam p\u00ebrfunduar fakultetin e dizajnit t\u00eb mod\u00ebs, gjithmon\u00eb me mu ka flejt d\u00ebshira p\u00ebr t\u00eb b\u00ebr\u00eb edhe di\u00e7ka m\u00eb shum\u00eb se muzika!\u201d, tha Nora.<\/p>\n<p><img loading=\"lazy\" decoding=\"async\" class=\"alignnone size-full wp-image-180744\" src=\"https:\/\/zjarr.tv\/wp-content\/uploads\/2021\/05\/kkk-300x300-1.jpeg\" alt=\"\" width=\"300\" height=\"300\" srcset=\"https:\/\/zjarr.tv\/wp-content\/uploads\/2021\/05\/kkk-300x300-1.jpeg 300w, https:\/\/zjarr.tv\/wp-content\/uploads\/2021\/05\/kkk-300x300-1-150x150.jpeg 150w\" sizes=\"auto, (max-width: 300px) 100vw, 300px\" \/><\/p>","protected":false},"excerpt":{"rendered":"<p>Nora Istrefi \u00ebsht\u00eb nj\u00eb nd\u00ebr personazhet m\u00eb t\u00eb dashur t\u00eb ekranit shqiptar. K\u00ebng\u00ebtarja ka nd\u00ebrtuar nj\u00eb karrier\u00eb t\u00eb suksesshme dhe num\u00ebron nj\u00eb s\u00ebr\u00eb hitesh n\u00eb repertorin e saj. P\u00ebrpos k\u00ebsaj, Nora ka r\u00ebn\u00eb gjithmon\u00eb n\u00eb sy p\u00ebr linjat e saj seksi dhe shquhet p\u00ebr stilin e ve\u00e7ant\u00eb n\u00eb mod\u00eb. Mir\u00ebpo, duket se talenti i saj [&hellip;]<\/p>\n","protected":false},"author":2031,"featured_media":180745,"comment_status":"closed","ping_status":"closed","sticky":false,"template":"","format":"standard","meta":{"footnotes":""},"categories":[337],"tags":[],"class_list":{"0":"post-180741","1":"post","2":"type-post","3":"status-publish","4":"format-standard","5":"has-post-thumbnail","7":"category-kulture"},"_links":{"self":[{"href":"https:\/\/zjarr.tv\/en\/wp-json\/wp\/v2\/posts\/180741","targetHints":{"allow":["GET"]}}],"collection":[{"href":"https:\/\/zjarr.tv\/en\/wp-json\/wp\/v2\/posts"}],"about":[{"href":"https:\/\/zjarr.tv\/en\/wp-json\/wp\/v2\/types\/post"}],"author":[{"embeddable":true,"href":"https:\/\/zjarr.tv\/en\/wp-json\/wp\/v2\/users\/2031"}],"replies":[{"embeddable":true,"href":"https:\/\/zjarr.tv\/en\/wp-json\/wp\/v2\/comments?post=180741"}],"version-history":[{"count":0,"href":"https:\/\/zjarr.tv\/en\/wp-json\/wp\/v2\/posts\/180741\/revisions"}],"wp:featuredmedia":[{"embeddable":true,"href":"https:\/\/zjarr.tv\/en\/wp-json\/wp\/v2\/media\/180745"}],"wp:attachment":[{"href":"https:\/\/zjarr.tv\/en\/wp-json\/wp\/v2\/media?parent=180741"}],"wp:term":[{"taxonomy":"category","embeddable":true,"href":"https:\/\/zjarr.tv\/en\/wp-json\/wp\/v2\/categories?post=180741"},{"taxonomy":"post_tag","embeddable":true,"href":"https:\/\/zjarr.tv\/en\/wp-json\/wp\/v2\/tags?post=180741"}],"curies":[{"name":"wp","href":"https:\/\/api.w.org\/{rel}","templated":true}]}}