{"id":180754,"date":"2021-05-02T17:58:20","date_gmt":"2021-05-02T15:58:20","guid":{"rendered":"https:\/\/zjarr.tv\/?p=180754"},"modified":"2021-05-02T17:58:20","modified_gmt":"2021-05-02T15:58:20","slug":"kadri-veseli-le-hagen-niset-me-urgjence-drejt-kosoves-arsyeja","status":"publish","type":"post","link":"https:\/\/zjarr.tv\/en\/kadri-veseli-le-hagen-niset-me-urgjence-drejt-kosoves-arsyeja\/","title":{"rendered":"Kadri Veseli \u2018l\u00eb\u2019 Hag\u00ebn, niset me urgjenc\u00eb drejt Kosov\u00ebs (Arsyeja)"},"content":{"rendered":"<p>Ish-kryetari i Partis\u00eb Demokratike t\u00eb Kosov\u00ebs, Kadri Veseli, \u00ebsht\u00eb liruar p\u00ebr vizit\u00eb nga Haga ku po mbahej n\u00eb paraburgim si i dyshuar p\u00ebr krime lufte.<\/p>\n<p>Mediat kosovare shkruajn\u00eb se Veseli \u00ebsht\u00eb liruar p\u00ebr ta vizituar baban\u00eb e tij i cili ndodhet n\u00eb spital n\u00eb gjendje t\u00eb r\u00ebnd\u00eb sh\u00ebndet\u00ebsore.<\/p>\n<p>Me t\u2019u kthyer n\u00eb Kosov\u00eb, Veseli ka vizituar spitalin e Mitrovic\u00ebs \u201cDr.Sami Haxhibeqiri\u201d, dhe po ruhet nga forca t\u00eb shumta t\u00eb siguris\u00eb, p\u00ebrfshir\u00eb Policin\u00eb e Eulex-it.<\/p>\n<p>Ende nuk dihet p\u00ebr sa koh\u00eb do t\u00eb q\u00ebndroj\u00eb ai n\u00eb Kosov\u00eb.<\/p>","protected":false},"excerpt":{"rendered":"<p>Ish-kryetari i Partis\u00eb Demokratike t\u00eb Kosov\u00ebs, Kadri Veseli, \u00ebsht\u00eb liruar p\u00ebr vizit\u00eb nga Haga ku po mbahej n\u00eb paraburgim si i dyshuar p\u00ebr krime lufte. Mediat kosovare shkruajn\u00eb se Veseli \u00ebsht\u00eb liruar p\u00ebr ta vizituar baban\u00eb e tij i cili ndodhet n\u00eb spital n\u00eb gjendje t\u00eb r\u00ebnd\u00eb sh\u00ebndet\u00ebsore. Me t\u2019u kthyer n\u00eb Kosov\u00eb, Veseli ka [&hellip;]<\/p>\n","protected":false},"author":2031,"featured_media":180755,"comment_status":"closed","ping_status":"closed","sticky":false,"template":"","format":"standard","meta":{"footnotes":""},"categories":[231],"tags":[],"class_list":{"0":"post-180754","1":"post","2":"type-post","3":"status-publish","4":"format-standard","5":"has-post-thumbnail","7":"category-lajme"},"_links":{"self":[{"href":"https:\/\/zjarr.tv\/en\/wp-json\/wp\/v2\/posts\/180754","targetHints":{"allow":["GET"]}}],"collection":[{"href":"https:\/\/zjarr.tv\/en\/wp-json\/wp\/v2\/posts"}],"about":[{"href":"https:\/\/zjarr.tv\/en\/wp-json\/wp\/v2\/types\/post"}],"author":[{"embeddable":true,"href":"https:\/\/zjarr.tv\/en\/wp-json\/wp\/v2\/users\/2031"}],"replies":[{"embeddable":true,"href":"https:\/\/zjarr.tv\/en\/wp-json\/wp\/v2\/comments?post=180754"}],"version-history":[{"count":0,"href":"https:\/\/zjarr.tv\/en\/wp-json\/wp\/v2\/posts\/180754\/revisions"}],"wp:featuredmedia":[{"embeddable":true,"href":"https:\/\/zjarr.tv\/en\/wp-json\/wp\/v2\/media\/180755"}],"wp:attachment":[{"href":"https:\/\/zjarr.tv\/en\/wp-json\/wp\/v2\/media?parent=180754"}],"wp:term":[{"taxonomy":"category","embeddable":true,"href":"https:\/\/zjarr.tv\/en\/wp-json\/wp\/v2\/categories?post=180754"},{"taxonomy":"post_tag","embeddable":true,"href":"https:\/\/zjarr.tv\/en\/wp-json\/wp\/v2\/tags?post=180754"}],"curies":[{"name":"wp","href":"https:\/\/api.w.org\/{rel}","templated":true}]}}